{"id":29759,"date":"2021-08-15T11:57:36","date_gmt":"2021-08-15T14:57:36","guid":{"rendered":"http:\/\/www.centraldenoticias.com.ar\/?p=29759"},"modified":"2021-08-15T12:54:34","modified_gmt":"2021-08-15T15:54:34","slug":"dos-sectores-de-la-ciudad-sin-electricidad","status":"publish","type":"post","link":"https:\/\/cdnoticias.com\/index.php\/2021\/08\/15\/dos-sectores-de-la-ciudad-sin-electricidad\/","title":{"rendered":"Dos sectores de la ciudad, sin electricidad"},"content":{"rendered":"<p>Coopelectric inform\u00f3 que sali\u00f3 de servicio una l\u00ednea de media tensi\u00f3n que alimenta la zona del Pikelado.<!--more--><\/p>\n<hr \/>\n<p><strong>Coopelectric inform\u00f3 este domingo que sali\u00f3 de servicio una l\u00ednea de media tensi\u00f3n<\/strong> que alimenta la zona del Pikelado.<\/p>\n<p>&nbsp;<\/p>\n<blockquote><p>Se ven afectados dos sectores ubicados entre San Mart\u00edn, Jun\u00edn, Del Valle y calle 13; y entre Del Valle, Jun\u00edn, Buchardo y Alberdi.<\/p><\/blockquote>\n<p>&nbsp;<\/p>\n<p>\u201c<strong>El personal de Coopelectric se encuentra realizando las tareas operativas correspondientes<\/strong> para poder normalizar el suministro el\u00e9ctrico\u201d indic\u00f3 la concesionaria del servicio de electricidad local.<\/p>\n","protected":false},"excerpt":{"rendered":"<p>Coopelectric inform\u00f3 que sali\u00f3 de servicio una l\u00ednea de media tensi\u00f3n que alimenta la zona del Pikelado.<\/p>\n","protected":false},"author":4,"featured_media":453,"comment_status":"closed","ping_status":"closed","sticky":false,"template":"","format":"standard","meta":{"_jetpack_memberships_contains_paid_content":false,"footnotes":""},"categories":[5],"tags":[],"class_list":["post-29759","post","type-post","status-publish","format-standard","has-post-thumbnail","hentry","category-informacion-general"],"jetpack_featured_media_url":"https:\/\/i0.wp.com\/cdnoticias.com\/wp-content\/uploads\/2020\/09\/DSC_8512.jpg?fit=4608%2C3072&ssl=1","jetpack_sharing_enabled":true,"_links":{"self":[{"href":"https:\/\/cdnoticias.com\/index.php\/wp-json\/wp\/v2\/posts\/29759","targetHints":{"allow":["GET"]}}],"collection":[{"href":"https:\/\/cdnoticias.com\/index.php\/wp-json\/wp\/v2\/posts"}],"about":[{"href":"https:\/\/cdnoticias.com\/index.php\/wp-json\/wp\/v2\/types\/post"}],"author":[{"embeddable":true,"href":"https:\/\/cdnoticias.com\/index.php\/wp-json\/wp\/v2\/users\/4"}],"replies":[{"embeddable":true,"href":"https:\/\/cdnoticias.com\/index.php\/wp-json\/wp\/v2\/comments?post=29759"}],"version-history":[{"count":0,"href":"https:\/\/cdnoticias.com\/index.php\/wp-json\/wp\/v2\/posts\/29759\/revisions"}],"wp:featuredmedia":[{"embeddable":true,"href":"https:\/\/cdnoticias.com\/index.php\/wp-json\/wp\/v2\/media\/453"}],"wp:attachment":[{"href":"https:\/\/cdnoticias.com\/index.php\/wp-json\/wp\/v2\/media?parent=29759"}],"wp:term":[{"taxonomy":"category","embeddable":true,"href":"https:\/\/cdnoticias.com\/index.php\/wp-json\/wp\/v2\/categories?post=29759"},{"taxonomy":"post_tag","embeddable":true,"href":"https:\/\/cdnoticias.com\/index.php\/wp-json\/wp\/v2\/tags?post=29759"}],"curies":[{"name":"wp","href":"https:\/\/api.w.org\/{rel}","templated":true}]}}