{"id":29754,"date":"2021-08-15T10:53:44","date_gmt":"2021-08-15T13:53:44","guid":{"rendered":"http:\/\/www.centraldenoticias.com.ar\/?p=29754"},"modified":"2021-08-15T14:01:37","modified_gmt":"2021-08-15T17:01:37","slug":"el-comedor-pocho-lepratti-apunto-al-frente-de-todos-local","status":"publish","type":"post","link":"https:\/\/cdnoticias.com\/index.php\/2021\/08\/15\/el-comedor-pocho-lepratti-apunto-al-frente-de-todos-local\/","title":{"rendered":"El comedor Pocho Lepratti apunt\u00f3 al Frente de Todos local"},"content":{"rendered":"<p>Contrastaron el despliegue y la atenci\u00f3n del acto de Alberto Fern\u00e1ndez con la labor de la instituci\u00f3n: ese viernes cocinaron y distribuyeron casi 100 viandas.<!--more--><\/p>\n<hr \/>\n<p><strong>\u201cDel circo Fern\u00e1ndez y compa\u00f1\u00eda a la realidad social\u201d<\/strong> es el t\u00edtulo de un comunicado que emiti\u00f3 el <strong>comedor Pocho Lepratti<\/strong> tras la llegada del Presidente de la Naci\u00f3n a Olavarr\u00eda.<\/p>\n<p>&nbsp;<\/p>\n<p><strong>Contrastaron el despliegue y la atenci\u00f3n del acto del mandatario con la labor de la instituci\u00f3n en la asistencia con alimentos<\/strong>: ese viernes cocinaron y distribuyeron casi 100 viandas.<\/p>\n<p>&nbsp;<\/p>\n<p>\u201cMientras Alberto Fern\u00e1ndez preparaba su desembarco en Olavarr\u00eda, como hace ya 3 a\u00f1os <strong>nosotras y nosotros nos dispon\u00edamos a cocinar para la comunidad que requiera de la colaboraci\u00f3n que brindamos<\/strong>, lo hac\u00edamos con las \u00faltimas verduras y pollo que ten\u00edamos. Finaliz\u00f3 la cocci\u00f3n, y <strong>totalizamos la entrega de viandas a 96 comensales<\/strong>, utilizando 9 kilos de pollo, entre alitas y menudos, 16 kg de secos, 400 gramos de arvejas, 6 litros de pur\u00e9 de tomate, y adem\u00e1s se pudo sumar a la vianda medio kilo de pan por tupper, <strong>producto de las donaciones, principal sost\u00e9n de este comedor<\/strong>\u201d describieron ambas im\u00e1genes.<\/p>\n<p>&nbsp;<\/p>\n<p><img data-recalc-dims=\"1\" loading=\"lazy\" decoding=\"async\" class=\"size-full wp-image-29755 aligncenter\" src=\"https:\/\/i0.wp.com\/cdnoticias.com\/wp-content\/uploads\/2021\/08\/comedor-pocho-lepratti2.jpg?resize=500%2C667&#038;ssl=1\" alt=\"\" width=\"500\" height=\"667\" srcset=\"https:\/\/i0.wp.com\/cdnoticias.com\/wp-content\/uploads\/2021\/08\/comedor-pocho-lepratti2.jpg?w=500&amp;ssl=1 500w, https:\/\/i0.wp.com\/cdnoticias.com\/wp-content\/uploads\/2021\/08\/comedor-pocho-lepratti2.jpg?resize=225%2C300&amp;ssl=1 225w\" sizes=\"auto, (max-width: 500px) 100vw, 500px\" \/><\/p>\n<p>&nbsp;<\/p>\n<blockquote><p>Y agregaron que \u201cmientras se cortaba la circulaci\u00f3n en algunos puntos, por la llegada del jefe de Estado de la naci\u00f3n, y paralizaban un sector de la ciudad, ac\u00e1 seguimos adelante, al igual que lo hicieron las personas que si no lo hacen no comen\u201d.<\/p><\/blockquote>\n<p>&nbsp;<\/p>\n<p>Nuevamente desde el comedor <strong>se cuestion\u00f3 la falta de acceso y de respuesta a sus demandas por parte de la gesti\u00f3n nacional<\/strong>. \u201cHablan de inclusi\u00f3n y a este espacio lo excluyen de todo tipo de colaboraci\u00f3n por parte de desarrollo social, un \u00e1rea en Olavarr\u00eda altamente incompetente, ineficaz y pr\u00e1cticamente, inexistente, pese a que supuestamente un camporista y ex fomentista, ser\u00eda su representante en Olavarria y toda la S\u00e9ptima\u201d.<\/p>\n<p>&nbsp;<\/p>\n<p>\u201cNosotros estuvimos donde la comunidad necesita que estemos, que es con quienes preferimos estar. S\u00ed, necesitamos donaciones; s\u00ed necesitamos que nos atiendan los funcionarios del FdT; s\u00ed necesitamos ayuda, porque <strong>hay quienes necesitan que este espacio funcione cuando sus promesas son incumplidas<\/strong>\u201d lanzaron en el cierre.<\/p>\n","protected":false},"excerpt":{"rendered":"<p>Contrastaron el despliegue y la atenci\u00f3n del acto de Alberto Fern\u00e1ndez con la labor de la instituci\u00f3n: ese viernes cocinaron<\/p>\n","protected":false},"author":4,"featured_media":29756,"comment_status":"closed","ping_status":"closed","sticky":false,"template":"","format":"standard","meta":{"_jetpack_memberships_contains_paid_content":false,"footnotes":""},"categories":[4,1],"tags":[],"class_list":["post-29754","post","type-post","status-publish","format-standard","has-post-thumbnail","hentry","category-politica","category-portada"],"jetpack_featured_media_url":"https:\/\/i0.wp.com\/cdnoticias.com\/wp-content\/uploads\/2021\/08\/comedor-pocho-lepratti1.jpg?fit=800%2C445&ssl=1","jetpack_sharing_enabled":true,"_links":{"self":[{"href":"https:\/\/cdnoticias.com\/index.php\/wp-json\/wp\/v2\/posts\/29754","targetHints":{"allow":["GET"]}}],"collection":[{"href":"https:\/\/cdnoticias.com\/index.php\/wp-json\/wp\/v2\/posts"}],"about":[{"href":"https:\/\/cdnoticias.com\/index.php\/wp-json\/wp\/v2\/types\/post"}],"author":[{"embeddable":true,"href":"https:\/\/cdnoticias.com\/index.php\/wp-json\/wp\/v2\/users\/4"}],"replies":[{"embeddable":true,"href":"https:\/\/cdnoticias.com\/index.php\/wp-json\/wp\/v2\/comments?post=29754"}],"version-history":[{"count":0,"href":"https:\/\/cdnoticias.com\/index.php\/wp-json\/wp\/v2\/posts\/29754\/revisions"}],"wp:featuredmedia":[{"embeddable":true,"href":"https:\/\/cdnoticias.com\/index.php\/wp-json\/wp\/v2\/media\/29756"}],"wp:attachment":[{"href":"https:\/\/cdnoticias.com\/index.php\/wp-json\/wp\/v2\/media?parent=29754"}],"wp:term":[{"taxonomy":"category","embeddable":true,"href":"https:\/\/cdnoticias.com\/index.php\/wp-json\/wp\/v2\/categories?post=29754"},{"taxonomy":"post_tag","embeddable":true,"href":"https:\/\/cdnoticias.com\/index.php\/wp-json\/wp\/v2\/tags?post=29754"}],"curies":[{"name":"wp","href":"https:\/\/api.w.org\/{rel}","templated":true}]}}