{"id":29750,"date":"2021-08-15T09:56:08","date_gmt":"2021-08-15T12:56:08","guid":{"rendered":"http:\/\/www.centraldenoticias.com.ar\/?p=29750"},"modified":"2021-08-15T12:22:19","modified_gmt":"2021-08-15T15:22:19","slug":"el-proceso-de-memoria-verdad-y-justicia-se-completa-con-toda-la-verdad","status":"publish","type":"post","link":"https:\/\/cdnoticias.com\/index.php\/2021\/08\/15\/el-proceso-de-memoria-verdad-y-justicia-se-completa-con-toda-la-verdad\/","title":{"rendered":"\u201cEl proceso de Memoria, Verdad y Justicia se completa con toda la verdad\u201d"},"content":{"rendered":"<p>Mat\u00edas Moreno, subsecretario bonaerense de Derechos Humanos e hijo de Carlos \u201cel Negro\u201d Moreno, manifest\u00f3 su disconformismo con la absoluci\u00f3n de los hermanos M\u00e9ndez por el secuestro y crimen de su padre en la \u00faltima dictadura c\u00edvico militar.<!--more--><\/p>\n<hr \/>\n<p>Persisten las r\u00e9plicas y proclamaciones a partir de la <a href=\"https:\/\/cdnoticias.com\/index.php\/2021\/08\/13\/la-camara-federal-de-casacion-absolvio-a-los-hermanos-mendez-condenados-por-el-crimen-del-negro-moreno\/\" target=\"_blank\" rel=\"noopener\">resoluci\u00f3n emitida en las \u00faltimas horas desde la Sala IV de la C\u00e1mara Federal de Casaci\u00f3n<\/a>, que<strong> absolvi\u00f3 a los hermanos M\u00e9ndez, quienes hab\u00edan sido condenados por el crimen del abogado laboralista olavarriense Carlos \u201cel negro\u201d Moreno<\/strong>. Una de esas voces es nada m\u00e1s y nada menos que la de su hijo Mat\u00edas, quien es adem\u00e1s subsecretario bonaerense de Derechos Humanos, precisamente desde donde se dio a conocer la novedad.<\/p>\n<p>&nbsp;<\/p>\n<p>\u201cPrimero manifestar el disconformismo\u201d, inici\u00f3 su di\u00e1logo con <em>La Ma\u00f1ana de Radio Universidad FM 90.1<\/em>. \u201cEntendiendo que la Corte Suprema de Justicia de la Naci\u00f3n, y avalada por la C\u00e1mara de Casaci\u00f3n,<strong> ponen est\u00e1ndares de valoraci\u00f3n de la prueba muy muy altos para permitir el juzgamiento y la condena de los sectores civiles que colaboraron a partir del sistema nacional de represi\u00f3n<\/strong>\u201d, complet\u00f3.<\/p>\n<p>&nbsp;<\/p>\n<p><iframe id=\"audio_74067004\" style=\"width: 100%;\" src=\"https:\/\/www.ivoox.com\/player_ej_74067004_6_1.html\" height=\"200\" frameborder=\"0\" scrolling=\"no\" allowfullscreen=\"allowfullscreen\"><\/iframe><\/p>\n<p>&nbsp;<\/p>\n<p>En esa misma l\u00ednea a\u00f1adi\u00f3 que \u201cen el caso espec\u00edfico de secuestro de pap\u00e1, y si bien tuvimos condena por los autores materiales, y si bien se comprob\u00f3 que estuvo detenido ilegalmente la quinta de los hermanos M\u00e9ndez, se comprob\u00f3 que tambi\u00e9n que era un centro clandestino de detenci\u00f3n. <strong>Lo que pone en duda la Corte Suprema bajo el bajo el principio jur\u00eddico de <em>in dubio pro reo<\/em> tiene que ver con que no hay certeza que los hermanos M\u00e9ndez conocieran que ah\u00ed en su propiedad se estaban produciendo delitos de lesa humanidad<\/strong>\u201d, precis\u00f3.<\/p>\n<p>&nbsp;<\/p>\n<p>\u201cEstamos totalmente en desacuerdo\u201d, enfatiz\u00f3 y agreg\u00f3 que \u201chay much\u00edsimos testimonios que hablan de c\u00f3mo funcionaba ese lugar. Vale recordar es una casa quinta que no estaba muy alejada del espacio urbano Tandil, de hecho es un camino obligado a un club muy conocido como el club de rugby Los Cardos. <strong>Se hablaban de movimientos de Fuerzas Armadas durante el d\u00eda y la noche<\/strong>\u201d. En la continuidad de su relato toma un aspecto que tambi\u00e9n fue ponderado desde<a href=\"https:\/\/cdnoticias.com\/index.php\/2021\/08\/14\/la-comision-por-la-memoria-de-olavarria-repudio-la-absolucion-de-los-hermanos-mendez\/\" target=\"_blank\" rel=\"noopener\"> la Comisi\u00f3n por la Memoria de Olavarr\u00eda, que en las \u00faltimas horas tambi\u00e9n plante\u00f3 su repudio a lo sucedido.<\/a><\/p>\n<p>&nbsp;<\/p>\n<p><img data-recalc-dims=\"1\" loading=\"lazy\" decoding=\"async\" class=\"alignnone size-full wp-image-29457\" src=\"https:\/\/i0.wp.com\/cdnoticias.com\/wp-content\/uploads\/2021\/08\/HERMANOS-MENDEZ.jpeg?resize=750%2C503&#038;ssl=1\" alt=\"\" width=\"750\" height=\"503\" srcset=\"https:\/\/i0.wp.com\/cdnoticias.com\/wp-content\/uploads\/2021\/08\/HERMANOS-MENDEZ.jpeg?w=750&amp;ssl=1 750w, https:\/\/i0.wp.com\/cdnoticias.com\/wp-content\/uploads\/2021\/08\/HERMANOS-MENDEZ.jpeg?resize=300%2C201&amp;ssl=1 300w, https:\/\/i0.wp.com\/cdnoticias.com\/wp-content\/uploads\/2021\/08\/HERMANOS-MENDEZ.jpeg?resize=272%2C182&amp;ssl=1 272w\" sizes=\"auto, (max-width: 750px) 100vw, 750px\" \/><\/p>\n<p>&nbsp;<\/p>\n<p>Todo se vincula a la investigaci\u00f3n por el Centro Clandestino de Detenci\u00f3n La Huerta, causa por la que<strong> los hermanos M\u00e9ndez actualmente est\u00e1n procesados con prisi\u00f3n preventiva<\/strong>. \u201cSe desconoce, porque no se valor\u00f3, la prueba\u201d, enfatiz\u00f3 con respecto a \u201ccuatro testimonios de ex presos pol\u00edtico detenidos ilegalmente, que sostienen haber estado en la propiedad de los hermanos M\u00e9ndez en el a\u00f1o 76\u00b4, eso obviamente no fue valorado en esta instancia, porque son testimonios que corresponde a otra causa\u201d, explic\u00f3 y subray\u00f3 que <strong>\u201cen funci\u00f3n de eso vamos a presentar un recurso extraordinario\u201d.<\/strong><\/p>\n<p>&nbsp;<\/p>\n<p>\u201cLa verdad es que hay un sector de la Justicia que claramente nos est\u00e1 diciendo que con el juzgamiento y el procesamiento y la condena de las fuerzas armadas s\u00ed, pero cuando intentamos avanzar en la complicidad de civiles, que ya sabemos que es vox populi, todos sabemos que fue necesario durante la \u00faltima dictadura una participaci\u00f3n civil, ah\u00ed ponen un freno\u201d. Inclusive ironiz\u00f3 que el caso particular del secuestro y crimen del \u201cNegro\u201d Moreno <strong>\u201cnos est\u00e1n pidiendo el contrato de alquiler de los hermanos a las fuerzas armadas para que funcione all\u00ed un centro clandestino de detenci\u00f3n\u201d.<\/strong><\/p>\n<p>&nbsp;<\/p>\n<p><img data-recalc-dims=\"1\" loading=\"lazy\" decoding=\"async\" class=\"alignnone size-large wp-image-8170\" src=\"https:\/\/i0.wp.com\/cdnoticias.com\/wp-content\/uploads\/2020\/12\/WhatsApp-Image-2020-12-04-at-16.27.56-1-e1613602394350-1024x581.jpeg?resize=800%2C454&#038;ssl=1\" alt=\"\" width=\"800\" height=\"454\" srcset=\"https:\/\/i0.wp.com\/cdnoticias.com\/wp-content\/uploads\/2020\/12\/WhatsApp-Image-2020-12-04-at-16.27.56-1-e1613602394350.jpeg?resize=1024%2C581&amp;ssl=1 1024w, https:\/\/i0.wp.com\/cdnoticias.com\/wp-content\/uploads\/2020\/12\/WhatsApp-Image-2020-12-04-at-16.27.56-1-e1613602394350.jpeg?resize=300%2C170&amp;ssl=1 300w, https:\/\/i0.wp.com\/cdnoticias.com\/wp-content\/uploads\/2020\/12\/WhatsApp-Image-2020-12-04-at-16.27.56-1-e1613602394350.jpeg?resize=768%2C436&amp;ssl=1 768w, https:\/\/i0.wp.com\/cdnoticias.com\/wp-content\/uploads\/2020\/12\/WhatsApp-Image-2020-12-04-at-16.27.56-1-e1613602394350.jpeg?w=1137&amp;ssl=1 1137w\" sizes=\"auto, (max-width: 800px) 100vw, 800px\" \/><\/p>\n<p>&nbsp;<\/p>\n<p>No obstante ello, subray\u00f3 que \u201ctenemos compromisos internacionales como Estado, de lograr la reparaci\u00f3n completa y si bien Argentina a nivel mundial es un ejemplo de c\u00f3mo tramitar su pasado reciente, lo cierto es que<strong> el proceso Memoria, Verdad y Justicia se completa con toda la verdad, con el juzgamiento y el procesamiento de aquellos que participaron de la sociedad civil con el sistema nacional de represi\u00f3n\u201d.<\/strong><\/p>\n<p>&nbsp;<\/p>\n<p>Por \u00faltimo, no quiso dejar pasar la ocasi\u00f3n para mandar un saludo y agradecimiento a la comunidad olavarriense. \u201cEs una ciudad que llevamos dentro de nuestro coraz\u00f3n. Siempre decimos lo mismo, que Olavarr\u00eda es nuestra ciudad, que nosotros somos de Olavarr\u00eda y el hecho de que eventualmente nos tuvimos que mudar a La Plata no fue por una decisi\u00f3n propia sino que las condiciones de ese momento nos obligaron a movernos de ciudad. Pero <strong>saben en Olavarr\u00eda el amor que ten\u00eda mi padre por esa ciudad, por eso fue la ciudad que eligi\u00f3 para trabajar, para desarrollarse y para planificar su vida familiar y sobretodo el amor que le ten\u00eda a los trabajadores y trabajadoras del sector minero, as\u00ed que aprovecho siempre para mandar un abrazo a todos los y las olavarrienses<\/strong>\u201d, finaliz\u00f3.<\/p>\n<p>&nbsp;<\/p>\n","protected":false},"excerpt":{"rendered":"<p>Mat\u00edas Moreno, subsecretario bonaerense de Derechos Humanos e hijo de Carlos \u201cel Negro\u201d Moreno, manifest\u00f3 su disconformismo con la absoluci\u00f3n<\/p>\n","protected":false},"author":3,"featured_media":14149,"comment_status":"closed","ping_status":"closed","sticky":false,"template":"","format":"standard","meta":{"_jetpack_memberships_contains_paid_content":false,"footnotes":""},"categories":[14,1],"tags":[],"class_list":["post-29750","post","type-post","status-publish","format-standard","has-post-thumbnail","hentry","category-policiales","category-portada"],"jetpack_featured_media_url":"https:\/\/i0.wp.com\/cdnoticias.com\/wp-content\/uploads\/2021\/02\/HomenajeMoreno11.jpg?fit=4608%2C3072&ssl=1","jetpack_sharing_enabled":true,"_links":{"self":[{"href":"https:\/\/cdnoticias.com\/index.php\/wp-json\/wp\/v2\/posts\/29750","targetHints":{"allow":["GET"]}}],"collection":[{"href":"https:\/\/cdnoticias.com\/index.php\/wp-json\/wp\/v2\/posts"}],"about":[{"href":"https:\/\/cdnoticias.com\/index.php\/wp-json\/wp\/v2\/types\/post"}],"author":[{"embeddable":true,"href":"https:\/\/cdnoticias.com\/index.php\/wp-json\/wp\/v2\/users\/3"}],"replies":[{"embeddable":true,"href":"https:\/\/cdnoticias.com\/index.php\/wp-json\/wp\/v2\/comments?post=29750"}],"version-history":[{"count":0,"href":"https:\/\/cdnoticias.com\/index.php\/wp-json\/wp\/v2\/posts\/29750\/revisions"}],"wp:featuredmedia":[{"embeddable":true,"href":"https:\/\/cdnoticias.com\/index.php\/wp-json\/wp\/v2\/media\/14149"}],"wp:attachment":[{"href":"https:\/\/cdnoticias.com\/index.php\/wp-json\/wp\/v2\/media?parent=29750"}],"wp:term":[{"taxonomy":"category","embeddable":true,"href":"https:\/\/cdnoticias.com\/index.php\/wp-json\/wp\/v2\/categories?post=29750"},{"taxonomy":"post_tag","embeddable":true,"href":"https:\/\/cdnoticias.com\/index.php\/wp-json\/wp\/v2\/tags?post=29750"}],"curies":[{"name":"wp","href":"https:\/\/api.w.org\/{rel}","templated":true}]}}