{"id":2975,"date":"2020-10-02T08:42:34","date_gmt":"2020-10-02T11:42:34","guid":{"rendered":"http:\/\/www.centraldenoticias.com.ar\/?p=2975"},"modified":"2020-10-02T09:42:04","modified_gmt":"2020-10-02T12:42:04","slug":"ley-de-gondolas-es-importante-pensar-la-produccion-y-discutir-la-cadena-de-comercializacion-de-los-alimentos","status":"publish","type":"post","link":"https:\/\/cdnoticias.com\/index.php\/2020\/10\/02\/ley-de-gondolas-es-importante-pensar-la-produccion-y-discutir-la-cadena-de-comercializacion-de-los-alimentos\/","title":{"rendered":"\u00a0Ley de G\u00f3ndolas: \u201ces importante pensar la producci\u00f3n y discutir la cadena de comercializaci\u00f3n de los alimentos\u201d"},"content":{"rendered":"<p>La C\u00e1mara de Diputados de la Provincia sancion\u00f3 la adhesi\u00f3n la Ley de G\u00f3ndolas. El legislador del Frente de Todos C\u00e9sar Valicenti remarc\u00f3 la importancia de \u201cpensar un modelo econ\u00f3mico integral para discutir la cadena de comercializaci\u00f3n de los alimentos desde un apoyo real a la producci\u00f3n\u201d. Adem\u00e1s, remarc\u00f3 el rol del Ministerio de Producci\u00f3n a cargo Augusto Costa y del Banco Provincia que recuper\u00f3 una \u201cmirada productiva\u201d en apoyo a las PyMEs bonaerenses.\u00a0<!--more--><\/p>\n<hr \/>\n<p><strong>La C\u00e1mara de Diputados de la Provincia aprob\u00f3 por unanimidad la adhesi\u00f3n a la Ley de G\u00f3ndolas<\/strong>, que obliga a las cadenas de supermercados a informar de forma m\u00e1s clara los precios, y a brindarle un espacio a productos regionales o artesanales de microemprendimientos y PyMes bonaerenses.<\/p>\n<p>&nbsp;<\/p>\n<p>La iniciativa, que tuvo media sanci\u00f3n y ahora fue elevada al Senado bonaerense, <strong>busca \u201climitar\u201d los espacios de comercializaci\u00f3n de las grandes marcas, en busca de brindar mejores oportunidades a los productos regionales.<\/strong> La norma no obliga al consumidor a optar por otras marcas sino que busca <em>\u201cgarantizar un lugar para los productos locales en las g\u00f3ndolas de los supermercados e hipermercado de la provincia\u201d.<\/em><\/p>\n<p>&nbsp;<\/p>\n<p>En ese sentido,<strong> el diputado provincial del Frente de Todos, C\u00e9sar Valicenti<\/strong>, remarc\u00f3 que <em>\u201csi queremos analizar el \u00faltimo eslab\u00f3n de la cadena econ\u00f3mica que es el consumo tenemos que tener una mirada integral de la Econom\u00eda\u201d<\/em> y asegur\u00f3 que<em> \u201cla Ley de G\u00f3ndolas debe enmarcarse en un modelo econ\u00f3mico para pensar la producci\u00f3n y discutir la cadena de comercializaci\u00f3n de los alimentos\u201d.<\/em><\/p>\n<p>&nbsp;<\/p>\n<blockquote><p>\u201cTenemos que valorar que en esta Legislatura se aprueban iniciativas de la oposici\u00f3n, porque lamentablemente durante la gesti\u00f3n anterior esto no era habitual, lo digo por experiencia porque fui impulsor de una Ley de Emergencia PyME cuando la provincia de Buenos Aires estuvo por m\u00e1s de ocho meses sin ministro de Producci\u00f3n en la gesti\u00f3n de Mar\u00eda Eugenia Vidal y no se daba respuesta al entramado productivo bonaerense\u201d.<\/p><\/blockquote>\n<p>&nbsp;<\/p>\n<p><em>\u201cDurante cuatro a\u00f1os las pymes que producen alimentos cerraban porque sufr\u00edan tarifazos que superaron el 2000% de aumento, adem\u00e1s de la apertura indiscriminada de importaciones donde la producci\u00f3n local no era cuidada por el Estado\u201d<\/em>, asegur\u00f3 el legislador provincial.<\/p>\n<p>&nbsp;<\/p>\n<p><img data-recalc-dims=\"1\" loading=\"lazy\" decoding=\"async\" class=\"alignnone size-full wp-image-2976\" src=\"https:\/\/i0.wp.com\/cdnoticias.com\/wp-content\/uploads\/2020\/10\/WhatsApp-Image-2020-10-01-at-20.27.57.jpeg?resize=800%2C455&#038;ssl=1\" alt=\"\" width=\"800\" height=\"455\" srcset=\"https:\/\/i0.wp.com\/cdnoticias.com\/wp-content\/uploads\/2020\/10\/WhatsApp-Image-2020-10-01-at-20.27.57.jpeg?w=994&amp;ssl=1 994w, https:\/\/i0.wp.com\/cdnoticias.com\/wp-content\/uploads\/2020\/10\/WhatsApp-Image-2020-10-01-at-20.27.57.jpeg?resize=300%2C171&amp;ssl=1 300w, https:\/\/i0.wp.com\/cdnoticias.com\/wp-content\/uploads\/2020\/10\/WhatsApp-Image-2020-10-01-at-20.27.57.jpeg?resize=768%2C437&amp;ssl=1 768w\" sizes=\"auto, (max-width: 800px) 100vw, 800px\" \/><\/p>\n<p>&nbsp;<\/p>\n<p>En relaci\u00f3n a la adhesi\u00f3n al proyecto de adhesi\u00f3n, Valicenti remarc\u00f3 que <em>\u201cpodemos analizar las g\u00f3ndolas, los supermercados y las marcas pero debemos pensar un modelo econ\u00f3mico integral para discutir esa cadena de comercializaci\u00f3n desde el apoyo real a la producci\u00f3n\u201d.<\/em><\/p>\n<p>&nbsp;<\/p>\n<blockquote><p>Del mismo modo, el diputado provincial del Frente de Todos expres\u00f3 que \u201choy vivimos un cambio institucional que tiene a un ministro de Producci\u00f3n como Augusto Costa que plantea una gesti\u00f3n con una impronta territorial y de aliado con los peque\u00f1os y medianos productores\u201d.<\/p><\/blockquote>\n<p>&nbsp;<\/p>\n<p>Tambi\u00e9n<em> \u201cse recuper\u00f3 el Banco Provincia con una mirada productiva que ofrece cr\u00e9ditos a tasas razonables a diferencia de lo que suced\u00eda durante la anterior gesti\u00f3n que planteaba cr\u00e9ditos a un 80% de inter\u00e9s, algo imposible para pensar la producci\u00f3n apuntada a los peque\u00f1os productores\u201d.<\/em><\/p>\n<p>&nbsp;<\/p>\n<p>El proyecto hasta su sanci\u00f3n final tuvo modificaciones y se incluy\u00f3 la idea de <em>&#8220;favorecer, estimular, promocionar productos de origen local, y ampliar la oferta de productos alimenticios artesanales y regionales en las grandes superficies comerciales&#8221;. <\/em>Desde el cuerpo legislativo, la intenci\u00f3n es<strong> lograr un balance en las relaciones comerciales entre las cadenas de supermercados y los proveedores, y abrir una puerta a las microempresas y peque\u00f1as empresas de la Provincia<\/strong>, a quienes les costaba acceder a los grandes espacios de comercializaci\u00f3n.<\/p>\n","protected":false},"excerpt":{"rendered":"<p>La C\u00e1mara de Diputados de la Provincia sancion\u00f3 la adhesi\u00f3n la Ley de G\u00f3ndolas. El legislador del Frente de Todos<\/p>\n","protected":false},"author":2,"featured_media":2977,"comment_status":"closed","ping_status":"closed","sticky":false,"template":"","format":"standard","meta":{"_jetpack_memberships_contains_paid_content":false,"footnotes":""},"categories":[4,1],"tags":[],"class_list":["post-2975","post","type-post","status-publish","format-standard","has-post-thumbnail","hentry","category-politica","category-portada"],"jetpack_featured_media_url":"https:\/\/i0.wp.com\/cdnoticias.com\/wp-content\/uploads\/2020\/10\/WhatsApp-Image-2020-10-01-at-20.07.41.jpeg?fit=1280%2C729&ssl=1","jetpack_sharing_enabled":true,"_links":{"self":[{"href":"https:\/\/cdnoticias.com\/index.php\/wp-json\/wp\/v2\/posts\/2975","targetHints":{"allow":["GET"]}}],"collection":[{"href":"https:\/\/cdnoticias.com\/index.php\/wp-json\/wp\/v2\/posts"}],"about":[{"href":"https:\/\/cdnoticias.com\/index.php\/wp-json\/wp\/v2\/types\/post"}],"author":[{"embeddable":true,"href":"https:\/\/cdnoticias.com\/index.php\/wp-json\/wp\/v2\/users\/2"}],"replies":[{"embeddable":true,"href":"https:\/\/cdnoticias.com\/index.php\/wp-json\/wp\/v2\/comments?post=2975"}],"version-history":[{"count":0,"href":"https:\/\/cdnoticias.com\/index.php\/wp-json\/wp\/v2\/posts\/2975\/revisions"}],"wp:featuredmedia":[{"embeddable":true,"href":"https:\/\/cdnoticias.com\/index.php\/wp-json\/wp\/v2\/media\/2977"}],"wp:attachment":[{"href":"https:\/\/cdnoticias.com\/index.php\/wp-json\/wp\/v2\/media?parent=2975"}],"wp:term":[{"taxonomy":"category","embeddable":true,"href":"https:\/\/cdnoticias.com\/index.php\/wp-json\/wp\/v2\/categories?post=2975"},{"taxonomy":"post_tag","embeddable":true,"href":"https:\/\/cdnoticias.com\/index.php\/wp-json\/wp\/v2\/tags?post=2975"}],"curies":[{"name":"wp","href":"https:\/\/api.w.org\/{rel}","templated":true}]}}