{"id":29685,"date":"2021-08-14T17:02:04","date_gmt":"2021-08-14T20:02:04","guid":{"rendered":"http:\/\/www.centraldenoticias.com.ar\/?p=29685"},"modified":"2021-08-14T17:02:04","modified_gmt":"2021-08-14T20:02:04","slug":"la-comision-por-la-memoria-de-olavarria-repudio-la-absolucion-de-los-hermanos-mendez","status":"publish","type":"post","link":"https:\/\/cdnoticias.com\/index.php\/2021\/08\/14\/la-comision-por-la-memoria-de-olavarria-repudio-la-absolucion-de-los-hermanos-mendez\/","title":{"rendered":"La Comisi\u00f3n por la Memoria de Olavarr\u00eda repudi\u00f3 la absoluci\u00f3n de los hermanos M\u00e9ndez"},"content":{"rendered":"<p>Lo hizo a trav\u00e9s de un comunicado divulgado a los medios locales. &#8220;Memoria, Verdad y Justicia&#8221;, concluyeron.<\/p>\n<hr \/>\n<p>En las \u00faltimas horas una importante pol\u00e9mica y repudio se desat\u00f3 a partir de la decisi\u00f3n de la Sala IV de la C\u00e1mara Federal de Casaci\u00f3n Penal, que <strong>absolvi\u00f3 a los hermanos Julio y Emilio M\u00e9ndez, condenados en 2012 por su participaci\u00f3n como c\u00f3mplices del secuestro y asesinato del abogado laboralista de Olavarr\u00eda, Carlos Alberto Moreno en 1977.\u00a0<\/strong><\/p>\n<p>&nbsp;<\/p>\n<p>Una de las tantas voces que se levant\u00f3 en contra de esa resoluci\u00f3n fue la Comisi\u00f3n por la Memoria de Olavarr\u00eda, que puso el acento en que &#8220;<strong>en dicho juicio fue demostrada la complicidad civil de los hermanos M\u00e9ndez, quienes cedieron una quinta particular donde funciono un centro clandestino de tortura y muerte durante la \u00faltima dictadura c\u00edvico- militar en la localidad de Tandil&#8221;<\/strong>.<\/p>\n<p>&nbsp;<\/p>\n<p>&#8220;Los hermanos M\u00e9ndez fueron condenados en 2012 por el Tribunal Oral Federal (TOF) de Mar del Plata por haber cedido su chacra como lugar de detenci\u00f3n clandestino de Carlos \u201cEl Negro\u201d Moreno&#8221;, a\u00f1adieron a la par de recordar que <strong>Emilio M\u00e9ndez recibi\u00f3 una condena a quince a\u00f1os, mientras que su hermano Julio M\u00e9ndez recibi\u00f3 una pena de once a\u00f1os.<\/strong><\/p>\n<p>&nbsp;<\/p>\n<blockquote><p>Los hermanos M\u00e9ndez se encuentran actualmente procesados y en prisi\u00f3n preventiva en el marco de la causa por el centro clandestino &#8220;La Huerta&#8221; (Tandil) desde mayo de 2018 a partir de los testimonios de cuatro detenidos-desaparecidos de la zona que se\u00f1alaron haber estado secuestrados en la \u201cQuinta de los M\u00e9ndez\u201d.<\/p><\/blockquote>\n<p>&nbsp;<\/p>\n<p>&#8220;Queremos as\u00ed tambi\u00e9n manifestar <strong>nuestro apoyo a la decisi\u00f3n de la Subsecretar\u00eda de Derechos Humanos de la Provincia de Buenos Aires que presentar\u00e1 un recurso extraordinario federal ante la Corte Suprema de Justicia<\/strong> en funci\u00f3n del reciente fallo de la C\u00e1mara Federal de Casaci\u00f3n&#8221;, enfatizaron.<\/p>\n<p>&nbsp;<\/p>\n<p>Por \u00faltimo expresaron que &#8220;desde la Comisi\u00f3n por la Memoria de Olavarr\u00eda advertimos con preocupaci\u00f3n una falta de compromiso y voluntad de la Justicia en avanzar con el juzgamiento de las complicidades y responsabilidades civiles y empresarias, comprometiendo la responsabilidad del Estado argentino que se encuentra internacionalmente obligado a investigar y juzgar a los responsables de cr\u00edmenes contra la humanidad&#8221;. <strong>&#8220;Memoria, Verdad y Justicia&#8221;, concluyeron.<\/strong><\/p>\n","protected":false},"excerpt":{"rendered":"<p>Lo hizo a trav\u00e9s de un comunicado divulgado a los medios locales. &#8220;Memoria, Verdad y Justicia&#8221;, concluyeron. En las \u00faltimas<\/p>\n","protected":false},"author":3,"featured_media":29457,"comment_status":"closed","ping_status":"closed","sticky":false,"template":"","format":"standard","meta":{"_jetpack_memberships_contains_paid_content":false,"footnotes":""},"categories":[5,1],"tags":[],"class_list":["post-29685","post","type-post","status-publish","format-standard","has-post-thumbnail","hentry","category-informacion-general","category-portada"],"jetpack_featured_media_url":"https:\/\/i0.wp.com\/cdnoticias.com\/wp-content\/uploads\/2021\/08\/HERMANOS-MENDEZ.jpeg?fit=750%2C503&ssl=1","jetpack_sharing_enabled":true,"_links":{"self":[{"href":"https:\/\/cdnoticias.com\/index.php\/wp-json\/wp\/v2\/posts\/29685","targetHints":{"allow":["GET"]}}],"collection":[{"href":"https:\/\/cdnoticias.com\/index.php\/wp-json\/wp\/v2\/posts"}],"about":[{"href":"https:\/\/cdnoticias.com\/index.php\/wp-json\/wp\/v2\/types\/post"}],"author":[{"embeddable":true,"href":"https:\/\/cdnoticias.com\/index.php\/wp-json\/wp\/v2\/users\/3"}],"replies":[{"embeddable":true,"href":"https:\/\/cdnoticias.com\/index.php\/wp-json\/wp\/v2\/comments?post=29685"}],"version-history":[{"count":0,"href":"https:\/\/cdnoticias.com\/index.php\/wp-json\/wp\/v2\/posts\/29685\/revisions"}],"wp:featuredmedia":[{"embeddable":true,"href":"https:\/\/cdnoticias.com\/index.php\/wp-json\/wp\/v2\/media\/29457"}],"wp:attachment":[{"href":"https:\/\/cdnoticias.com\/index.php\/wp-json\/wp\/v2\/media?parent=29685"}],"wp:term":[{"taxonomy":"category","embeddable":true,"href":"https:\/\/cdnoticias.com\/index.php\/wp-json\/wp\/v2\/categories?post=29685"},{"taxonomy":"post_tag","embeddable":true,"href":"https:\/\/cdnoticias.com\/index.php\/wp-json\/wp\/v2\/tags?post=29685"}],"curies":[{"name":"wp","href":"https:\/\/api.w.org\/{rel}","templated":true}]}}