{"id":29648,"date":"2021-08-14T12:47:33","date_gmt":"2021-08-14T15:47:33","guid":{"rendered":"http:\/\/www.centraldenoticias.com.ar\/?p=29648"},"modified":"2021-08-14T16:31:09","modified_gmt":"2021-08-14T19:31:09","slug":"cierre-del-taller-de-cultivo-domestico-de-cannabis","status":"publish","type":"post","link":"https:\/\/cdnoticias.com\/index.php\/2021\/08\/14\/cierre-del-taller-de-cultivo-domestico-de-cannabis\/","title":{"rendered":"Cierre del taller de cultivo dom\u00e9stico de cannabis"},"content":{"rendered":"<p>Ser\u00e1 este s\u00e1bado desde las 16 en la sede de la Sociedad Espa\u00f1ola.<!--more--><\/p>\n<hr \/>\n<p>La Mesa de Cannabis del Honorable Concejo Deliberante inform\u00f3 que <strong>este s\u00e1bado ser\u00e1 el cierre del \u201cTalleres Cultivo Dom\u00e9stico- Acceso Legal\u201d<\/strong>.<\/p>\n<p>&nbsp;<\/p>\n<p>La jornada formativa y de cierre <strong>comenzar\u00e1 a las 16 en las instalaciones del sal\u00f3n de la Sociedad Espa\u00f1ol<\/strong>a, de Rivadavia 3038.<\/p>\n<p>&nbsp;<\/p>\n<p>Este taller<a href=\"https:\/\/cdnoticias.com\/index.php\/2021\/07\/10\/con-buena-convocatoria-comenzo-el-taller-cultivo-domestico-de-acceso-al-cannabis\/\" target=\"_blank\" rel=\"noopener\"> dio comienzo a principios de julio<\/a> organizado por la mesa que preside el concejal Germ\u00e1n Aramburu (Renovaci\u00f3n Peronista) y logr\u00f3 importante convocatoria.<\/p>\n","protected":false},"excerpt":{"rendered":"<p>Ser\u00e1 este s\u00e1bado desde las 16 en la sede de la Sociedad Espa\u00f1ola.<\/p>\n","protected":false},"author":4,"featured_media":26283,"comment_status":"closed","ping_status":"closed","sticky":false,"template":"","format":"standard","meta":{"_jetpack_memberships_contains_paid_content":false,"footnotes":""},"categories":[5],"tags":[],"class_list":["post-29648","post","type-post","status-publish","format-standard","has-post-thumbnail","hentry","category-informacion-general"],"jetpack_featured_media_url":"https:\/\/i0.wp.com\/cdnoticias.com\/wp-content\/uploads\/2021\/07\/charla-cannabis-6.jpg?fit=4608%2C2564&ssl=1","jetpack_sharing_enabled":true,"_links":{"self":[{"href":"https:\/\/cdnoticias.com\/index.php\/wp-json\/wp\/v2\/posts\/29648","targetHints":{"allow":["GET"]}}],"collection":[{"href":"https:\/\/cdnoticias.com\/index.php\/wp-json\/wp\/v2\/posts"}],"about":[{"href":"https:\/\/cdnoticias.com\/index.php\/wp-json\/wp\/v2\/types\/post"}],"author":[{"embeddable":true,"href":"https:\/\/cdnoticias.com\/index.php\/wp-json\/wp\/v2\/users\/4"}],"replies":[{"embeddable":true,"href":"https:\/\/cdnoticias.com\/index.php\/wp-json\/wp\/v2\/comments?post=29648"}],"version-history":[{"count":0,"href":"https:\/\/cdnoticias.com\/index.php\/wp-json\/wp\/v2\/posts\/29648\/revisions"}],"wp:featuredmedia":[{"embeddable":true,"href":"https:\/\/cdnoticias.com\/index.php\/wp-json\/wp\/v2\/media\/26283"}],"wp:attachment":[{"href":"https:\/\/cdnoticias.com\/index.php\/wp-json\/wp\/v2\/media?parent=29648"}],"wp:term":[{"taxonomy":"category","embeddable":true,"href":"https:\/\/cdnoticias.com\/index.php\/wp-json\/wp\/v2\/categories?post=29648"},{"taxonomy":"post_tag","embeddable":true,"href":"https:\/\/cdnoticias.com\/index.php\/wp-json\/wp\/v2\/tags?post=29648"}],"curies":[{"name":"wp","href":"https:\/\/api.w.org\/{rel}","templated":true}]}}