{"id":29582,"date":"2021-08-13T19:59:29","date_gmt":"2021-08-13T22:59:29","guid":{"rendered":"http:\/\/www.centraldenoticias.com.ar\/?p=29582"},"modified":"2021-08-13T21:51:51","modified_gmt":"2021-08-14T00:51:51","slug":"kicillof-necesitamos-que-nos-acompane-la-legislatura","status":"publish","type":"post","link":"https:\/\/cdnoticias.com\/index.php\/2021\/08\/13\/kicillof-necesitamos-que-nos-acompane-la-legislatura\/","title":{"rendered":"Kicillof: \u201cNecesitamos que nos acompa\u00f1e la Legislatura\u201d"},"content":{"rendered":"<p>El gobernador de la Provincia habl\u00f3 luego del acto que se concret\u00f3 en Olavarr\u00eda. Evalu\u00f3 la gesti\u00f3n durante la pandemia, pidi\u00f3 apoyo en las pr\u00f3ximas elecciones y destac\u00f3 el \u201ccoraje\u201d del presidente al hablar sobre la foto de la pol\u00e9mica.<!--more--><\/p>\n<hr \/>\n<p><em>\u201cMirando para adelante donde se viene una recuperaci\u00f3n, va a haber importantes discusiones en el parlamento nacional y en la legislatura provincial donde todo el tiempo nos han puesto palos en la rueda. Necesitamos que nos acompa\u00f1e la legislatura\u201d<\/em>, asegur\u00f3 a los medios el gobernador Axel Kicillof luego del a<a href=\"https:\/\/cdnoticias.com\/index.php\/2021\/08\/13\/fernandez-como-un-pueblo-maravilloso-yo-se-que-nos-vamos-a-volver-a-levantar\/\" target=\"_blank\" rel=\"noopener\">cto realizado para presentar la Ley de \u201cZona fr\u00eda\u201d.<\/a><\/p>\n<p>&nbsp;<\/p>\n<p><em>\u201cMe parece que estamos en una elecci\u00f3n donde si se definen muchas cosas porque en un marco de emergencia sanitaria hubo que dedicarse primero a cuidar la vida y la salud de los y las bonaerenses\u201d<\/em>, continu\u00f3 Kicillof.<\/p>\n<p>&nbsp;<\/p>\n<blockquote><p>Es una elecci\u00f3n donde necesitamos terminar de alinear las cosas para poder recuperar lo perdido en la pandemia y en los 4 a\u00f1os anteriores.<\/p><\/blockquote>\n<p>&nbsp;<\/p>\n<p><img data-recalc-dims=\"1\" loading=\"lazy\" decoding=\"async\" class=\"alignnone size-full wp-image-29584\" src=\"https:\/\/i0.wp.com\/cdnoticias.com\/wp-content\/uploads\/2021\/08\/WhatsApp-Image-2021-08-13-at-19.29.54.jpeg?resize=800%2C502&#038;ssl=1\" alt=\"\" width=\"800\" height=\"502\" srcset=\"https:\/\/i0.wp.com\/cdnoticias.com\/wp-content\/uploads\/2021\/08\/WhatsApp-Image-2021-08-13-at-19.29.54.jpeg?w=1280&amp;ssl=1 1280w, https:\/\/i0.wp.com\/cdnoticias.com\/wp-content\/uploads\/2021\/08\/WhatsApp-Image-2021-08-13-at-19.29.54.jpeg?resize=300%2C188&amp;ssl=1 300w, https:\/\/i0.wp.com\/cdnoticias.com\/wp-content\/uploads\/2021\/08\/WhatsApp-Image-2021-08-13-at-19.29.54.jpeg?resize=768%2C482&amp;ssl=1 768w, https:\/\/i0.wp.com\/cdnoticias.com\/wp-content\/uploads\/2021\/08\/WhatsApp-Image-2021-08-13-at-19.29.54.jpeg?resize=1024%2C642&amp;ssl=1 1024w\" sizes=\"auto, (max-width: 800px) 100vw, 800px\" \/><\/p>\n<p>&nbsp;<\/p>\n<p>A su vez, el gobernador recorri\u00f3 las distintas acciones llevadas adelante por la pandemia y enfatiz\u00f3 en la<strong> campa\u00f1a de vacunaci\u00f3n provincial.<\/strong> En ese sentido, asegur\u00f3 que <em>\u201cestamos vacunando en toda la provincia de Buenos Aires pese a todo lo que dec\u00edan, pese a las tapas de grandes diarios que se las dan de informados y objetivos y que hab\u00edan dicho que reci\u00e9n el a\u00f1o que viene \u00edbamos a estar vacunando a menores de 60 a\u00f1os\u201d.<\/em><\/p>\n<p>&nbsp;<\/p>\n<blockquote><p>Les quiero decir a esos diarios que hoy en toda la provincia de Buenos Aires cualquiera que tenga m\u00e1s de 18 a\u00f1os concurre a un vacunatorio con documento y tiene vacuna libre.<\/p><\/blockquote>\n<p>&nbsp;<\/p>\n<p><img data-recalc-dims=\"1\" loading=\"lazy\" decoding=\"async\" class=\"alignnone size-full wp-image-29585\" src=\"https:\/\/i0.wp.com\/cdnoticias.com\/wp-content\/uploads\/2021\/08\/AB1031_2.jpg?resize=800%2C533&#038;ssl=1\" alt=\"\" width=\"800\" height=\"533\" srcset=\"https:\/\/i0.wp.com\/cdnoticias.com\/wp-content\/uploads\/2021\/08\/AB1031_2.jpg?w=4743&amp;ssl=1 4743w, https:\/\/i0.wp.com\/cdnoticias.com\/wp-content\/uploads\/2021\/08\/AB1031_2.jpg?resize=300%2C200&amp;ssl=1 300w, https:\/\/i0.wp.com\/cdnoticias.com\/wp-content\/uploads\/2021\/08\/AB1031_2.jpg?resize=768%2C512&amp;ssl=1 768w, https:\/\/i0.wp.com\/cdnoticias.com\/wp-content\/uploads\/2021\/08\/AB1031_2.jpg?resize=1024%2C683&amp;ssl=1 1024w, https:\/\/i0.wp.com\/cdnoticias.com\/wp-content\/uploads\/2021\/08\/AB1031_2.jpg?resize=272%2C182&amp;ssl=1 272w, https:\/\/i0.wp.com\/cdnoticias.com\/wp-content\/uploads\/2021\/08\/AB1031_2.jpg?w=1600&amp;ssl=1 1600w, https:\/\/i0.wp.com\/cdnoticias.com\/wp-content\/uploads\/2021\/08\/AB1031_2.jpg?w=2400&amp;ssl=1 2400w\" sizes=\"auto, (max-width: 800px) 100vw, 800px\" \/><\/p>\n<p>&nbsp;<\/p>\n<p>Asimismo, fue<strong> cr\u00edtico con la gesti\u00f3n de la exgobernadora Mar\u00eda Eugenia Vidal<\/strong>, al decir que \u201c<em>todo el mundo pensaba que no iban a alcanzar las camas, los respiradores, los m\u00e9dicos y no solo en el Conurbano donde tenemos 13 millones de habitantes sino en el interior en la provincia donde somos 4 millones de habitantes. <strong>Ven\u00edamos de un mandato donde nos hab\u00edan dejado sin insumos, con deudas por todos lados y creo que la peleamos<\/strong>\u201d.<\/em><\/p>\n<p>&nbsp;<\/p>\n<p>Por \u00faltimo, hizo referencia a la foto de la pol\u00e9mica e indic\u00f3 que el presidente tuvo <em>\u201cun gran coraje\u201d<\/em> para<a href=\"https:\/\/cdnoticias.com\/index.php\/2021\/08\/13\/alberto-fernandez-hizo-referencia-a-la-foto-de-la-polemica-en-olavarria\/\" target=\"_blank\" rel=\"noopener\"> hablar p\u00fablicamente sobre el tema. <\/a>En ese sentido, indic\u00f3 que<em> \u201cno tenemos que dejarnos distraer\u201d<\/em> y que <em>\u201cest\u00e1 muy bien poder quejarse, incluso que sea reprochable\u201d<\/em> sin embargo<strong> calific\u00f3 de \u201chip\u00f3crita\u201d la actitud de<em> \u201cquienes ped\u00edan que nos se cuidaran y ahora est\u00e1n escandalizados por esta situaci\u00f3n\u201d.<\/em><\/strong><\/p>\n","protected":false},"excerpt":{"rendered":"<p>El gobernador de la Provincia habl\u00f3 luego del acto que se concret\u00f3 en Olavarr\u00eda. Evalu\u00f3 la gesti\u00f3n durante la pandemia,<\/p>\n","protected":false},"author":5,"featured_media":29583,"comment_status":"closed","ping_status":"closed","sticky":false,"template":"","format":"standard","meta":{"_jetpack_memberships_contains_paid_content":false,"footnotes":""},"categories":[4,1],"tags":[],"class_list":["post-29582","post","type-post","status-publish","format-standard","has-post-thumbnail","hentry","category-politica","category-portada"],"jetpack_featured_media_url":"https:\/\/i0.wp.com\/cdnoticias.com\/wp-content\/uploads\/2021\/08\/AB1313_2.jpg?fit=2602%2C1733&ssl=1","jetpack_sharing_enabled":true,"_links":{"self":[{"href":"https:\/\/cdnoticias.com\/index.php\/wp-json\/wp\/v2\/posts\/29582","targetHints":{"allow":["GET"]}}],"collection":[{"href":"https:\/\/cdnoticias.com\/index.php\/wp-json\/wp\/v2\/posts"}],"about":[{"href":"https:\/\/cdnoticias.com\/index.php\/wp-json\/wp\/v2\/types\/post"}],"author":[{"embeddable":true,"href":"https:\/\/cdnoticias.com\/index.php\/wp-json\/wp\/v2\/users\/5"}],"replies":[{"embeddable":true,"href":"https:\/\/cdnoticias.com\/index.php\/wp-json\/wp\/v2\/comments?post=29582"}],"version-history":[{"count":0,"href":"https:\/\/cdnoticias.com\/index.php\/wp-json\/wp\/v2\/posts\/29582\/revisions"}],"wp:featuredmedia":[{"embeddable":true,"href":"https:\/\/cdnoticias.com\/index.php\/wp-json\/wp\/v2\/media\/29583"}],"wp:attachment":[{"href":"https:\/\/cdnoticias.com\/index.php\/wp-json\/wp\/v2\/media?parent=29582"}],"wp:term":[{"taxonomy":"category","embeddable":true,"href":"https:\/\/cdnoticias.com\/index.php\/wp-json\/wp\/v2\/categories?post=29582"},{"taxonomy":"post_tag","embeddable":true,"href":"https:\/\/cdnoticias.com\/index.php\/wp-json\/wp\/v2\/tags?post=29582"}],"curies":[{"name":"wp","href":"https:\/\/api.w.org\/{rel}","templated":true}]}}