{"id":29573,"date":"2021-08-13T19:48:58","date_gmt":"2021-08-13T22:48:58","guid":{"rendered":"http:\/\/www.centraldenoticias.com.ar\/?p=29573"},"modified":"2021-08-13T19:48:58","modified_gmt":"2021-08-13T22:48:58","slug":"wado-de-pedro-para-nosotros-la-energia-es-el-insumo-del-sistema-productivo","status":"publish","type":"post","link":"https:\/\/cdnoticias.com\/index.php\/2021\/08\/13\/wado-de-pedro-para-nosotros-la-energia-es-el-insumo-del-sistema-productivo\/","title":{"rendered":"Wado de Pedro: \u201cpara nosotros la energ\u00eda es el insumo del sistema productivo\u201d"},"content":{"rendered":"<p>As\u00ed lo expres\u00f3 el ministro del Interior luego del acto en donde se present\u00f3 la Ley de \u201cZona fr\u00eda\u201d. Destac\u00f3 los beneficios de la norma y apunt\u00f3 a la generaci\u00f3n de empleo.<!--more--><\/p>\n<hr \/>\n<p>Luego del <a href=\"https:\/\/cdnoticias.com\/index.php\/2021\/08\/13\/fernandez-como-un-pueblo-maravilloso-yo-se-que-nos-vamos-a-volver-a-levantar\/\" target=\"_blank\" rel=\"noopener\">acto en el que se present\u00f3 la Ley de \u201cZona fr\u00eda\u201d<\/a> y donde hubo fuertes definiciones de cara a las pr\u00f3xima elecciones, el ministro del Interior Wado de Pedro dialog\u00f3 unos minutos con la prensa.<\/p>\n<p>&nbsp;<\/p>\n<p>Destac\u00f3 la propuesta de la norma que genera un<strong>a disminuci\u00f3n de entre el 30 y el 50% de la tarifa de gas para la zona.<\/strong><\/p>\n<p>&nbsp;<\/p>\n<p>Asegur\u00f3 que <em>\u201cpara nosotros la energ\u00eda es el insumo del sistema productivo argentino\u201d<\/em> y afirm\u00f3: <em>\u201ctenemos que gobernar para generar empleo y de esta forma los costos de la industria tienen que bajar\u201d.<\/em><\/p>\n","protected":false},"excerpt":{"rendered":"<p>As\u00ed lo expres\u00f3 el ministro del Interior luego del acto en donde se present\u00f3 la Ley de \u201cZona fr\u00eda\u201d. Destac\u00f3<\/p>\n","protected":false},"author":5,"featured_media":29574,"comment_status":"closed","ping_status":"closed","sticky":false,"template":"","format":"standard","meta":{"_jetpack_memberships_contains_paid_content":false,"footnotes":""},"categories":[4,1],"tags":[],"class_list":["post-29573","post","type-post","status-publish","format-standard","has-post-thumbnail","hentry","category-politica","category-portada"],"jetpack_featured_media_url":"https:\/\/i0.wp.com\/cdnoticias.com\/wp-content\/uploads\/2021\/08\/WhatsApp-Image-2021-08-13-at-18.14.15.jpeg?fit=1599%2C1066&ssl=1","jetpack_sharing_enabled":true,"_links":{"self":[{"href":"https:\/\/cdnoticias.com\/index.php\/wp-json\/wp\/v2\/posts\/29573","targetHints":{"allow":["GET"]}}],"collection":[{"href":"https:\/\/cdnoticias.com\/index.php\/wp-json\/wp\/v2\/posts"}],"about":[{"href":"https:\/\/cdnoticias.com\/index.php\/wp-json\/wp\/v2\/types\/post"}],"author":[{"embeddable":true,"href":"https:\/\/cdnoticias.com\/index.php\/wp-json\/wp\/v2\/users\/5"}],"replies":[{"embeddable":true,"href":"https:\/\/cdnoticias.com\/index.php\/wp-json\/wp\/v2\/comments?post=29573"}],"version-history":[{"count":0,"href":"https:\/\/cdnoticias.com\/index.php\/wp-json\/wp\/v2\/posts\/29573\/revisions"}],"wp:featuredmedia":[{"embeddable":true,"href":"https:\/\/cdnoticias.com\/index.php\/wp-json\/wp\/v2\/media\/29574"}],"wp:attachment":[{"href":"https:\/\/cdnoticias.com\/index.php\/wp-json\/wp\/v2\/media?parent=29573"}],"wp:term":[{"taxonomy":"category","embeddable":true,"href":"https:\/\/cdnoticias.com\/index.php\/wp-json\/wp\/v2\/categories?post=29573"},{"taxonomy":"post_tag","embeddable":true,"href":"https:\/\/cdnoticias.com\/index.php\/wp-json\/wp\/v2\/tags?post=29573"}],"curies":[{"name":"wp","href":"https:\/\/api.w.org\/{rel}","templated":true}]}}