{"id":29560,"date":"2021-08-13T19:55:10","date_gmt":"2021-08-13T22:55:10","guid":{"rendered":"http:\/\/www.centraldenoticias.com.ar\/?p=29560"},"modified":"2021-08-13T20:00:59","modified_gmt":"2021-08-13T23:00:59","slug":"alberto-fernandez-hizo-referencia-a-la-foto-de-la-polemica-en-olavarria","status":"publish","type":"post","link":"https:\/\/cdnoticias.com\/index.php\/2021\/08\/13\/alberto-fernandez-hizo-referencia-a-la-foto-de-la-polemica-en-olavarria\/","title":{"rendered":"Alberto Fern\u00e1ndez hizo referencia a \u201cla foto\u201d de la pol\u00e9mica"},"content":{"rendered":"<p>Fue durante el acto que se llev\u00f3 a cabo en el Parque del Bicentenario. \u201cLamento lo que ocurri\u00f3\u201d, se\u00f1al\u00f3 y explic\u00f3 lo sucedido.<!--more--><\/p>\n<hr \/>\n<p>En la previa al acto de este viernes en Olavarr\u00eda, <a href=\"https:\/\/cdnoticias.com\/index.php\/2021\/08\/13\/en-la-previa-de-la-llegada-del-presidente-a-olavarria-polemica-por-la-foto\/\" target=\"_blank\" rel=\"noopener\">se viralizaron dos im\u00e1genes en la que se ve al presidente junto a Fabiola Y\u00e1\u00f1ez y una serie de comensales en una cena en la Quinta de Olivos<\/a> que supuestamente se realiz\u00f3 el 14 de julio para festejar el cumplea\u00f1os de la primera dama, es decir durante la etapa de la pandemia en la cual estaban prohibidas las reuniones sociales de ese tipo.<\/p>\n<p>&nbsp;<\/p>\n<p>Luego de este hecho, se esperaba la palabra de Fern\u00e1ndez y fue durante el acto en nuestra ciudad que as\u00ed lo hizo. Pidi\u00f3<em> \u201cpermiso\u201d<\/em> para reflexionar ya que <strong><em>\u201clos pibes m\u00e1s j\u00f3venes dicen que no soy careta y voy a dar la cara\u201d.<\/em><\/strong><\/p>\n<p>&nbsp;<\/p>\n<p><em>\u201cYo le ped\u00ed a muchos argentinos que me acompa\u00f1aran porque era necesario cuidarnos y preservar la salud. Todos esos meses me qued\u00e9 trabajando en Olivos por recomendaci\u00f3n de los m\u00e9dicos. <strong>Olivos se convirti\u00f3 en casi una ciudad. Y la verdad es que viv\u00ed todo ese tiempo con gran v\u00e9rtigo<\/strong> que me hizo tener reuniones con cientos de personas\u201d<\/em>, explic\u00f3 en primer lugar.<\/p>\n<p>&nbsp;<\/p>\n<blockquote><p>Alguna vez lleg\u00f3 un pedido para ver qui\u00e9nes ingresaban a Olivos, y no ocultamos nada porque gracias a Dios nada debo ocultar de mi vida personal. As\u00ed se conoci\u00f3 ese listado.<\/p><\/blockquote>\n<p>&nbsp;<\/p>\n<p>En ese contexto, el d\u00eda del cumplea\u00f1os de su pareja Fabiola Y\u00e1\u00f1ez \u201c<strong><em>convoc\u00f3 a una reuni\u00f3n que no debi\u00f3 haber ocurrido. No debi\u00f3 haberse hecho. Lamento mucho que haya ocurrido\u201d<\/em><\/strong>, afirm\u00f3.<\/p>\n<p>&nbsp;<\/p>\n<p><em>\u201cMirado en retrospectiva deb\u00ed haber tenido m\u00e1s cuidados que evidentemente no los tuve\u201d<\/em> y repiti\u00f3 que se conoci\u00f3 ese listado<strong><em> \u201cporque nosotros lo contamos, no ocultamos nada, pero esto lastima mucha gente\u201d,<\/em><\/strong> concluy\u00f3.<\/p>\n","protected":false},"excerpt":{"rendered":"<p>Fue durante el acto que se llev\u00f3 a cabo en el Parque del Bicentenario. \u201cLamento lo que ocurri\u00f3\u201d, se\u00f1al\u00f3 y<\/p>\n","protected":false},"author":5,"featured_media":29558,"comment_status":"closed","ping_status":"closed","sticky":false,"template":"","format":"standard","meta":{"_jetpack_memberships_contains_paid_content":false,"footnotes":""},"categories":[4,1],"tags":[],"class_list":["post-29560","post","type-post","status-publish","format-standard","has-post-thumbnail","hentry","category-politica","category-portada"],"jetpack_featured_media_url":"https:\/\/i0.wp.com\/cdnoticias.com\/wp-content\/uploads\/2021\/08\/WhatsApp-Image-2021-08-13-at-17.32.45.jpeg?fit=1325%2C884&ssl=1","jetpack_sharing_enabled":true,"_links":{"self":[{"href":"https:\/\/cdnoticias.com\/index.php\/wp-json\/wp\/v2\/posts\/29560","targetHints":{"allow":["GET"]}}],"collection":[{"href":"https:\/\/cdnoticias.com\/index.php\/wp-json\/wp\/v2\/posts"}],"about":[{"href":"https:\/\/cdnoticias.com\/index.php\/wp-json\/wp\/v2\/types\/post"}],"author":[{"embeddable":true,"href":"https:\/\/cdnoticias.com\/index.php\/wp-json\/wp\/v2\/users\/5"}],"replies":[{"embeddable":true,"href":"https:\/\/cdnoticias.com\/index.php\/wp-json\/wp\/v2\/comments?post=29560"}],"version-history":[{"count":0,"href":"https:\/\/cdnoticias.com\/index.php\/wp-json\/wp\/v2\/posts\/29560\/revisions"}],"wp:featuredmedia":[{"embeddable":true,"href":"https:\/\/cdnoticias.com\/index.php\/wp-json\/wp\/v2\/media\/29558"}],"wp:attachment":[{"href":"https:\/\/cdnoticias.com\/index.php\/wp-json\/wp\/v2\/media?parent=29560"}],"wp:term":[{"taxonomy":"category","embeddable":true,"href":"https:\/\/cdnoticias.com\/index.php\/wp-json\/wp\/v2\/categories?post=29560"},{"taxonomy":"post_tag","embeddable":true,"href":"https:\/\/cdnoticias.com\/index.php\/wp-json\/wp\/v2\/tags?post=29560"}],"curies":[{"name":"wp","href":"https:\/\/api.w.org\/{rel}","templated":true}]}}