{"id":2956,"date":"2020-10-01T18:27:35","date_gmt":"2020-10-01T21:27:35","guid":{"rendered":"http:\/\/www.centraldenoticias.com.ar\/?p=2956"},"modified":"2020-10-01T18:27:35","modified_gmt":"2020-10-01T21:27:35","slug":"hisoparon-y-seguira-aislado-el-intendente-de-laprida","status":"publish","type":"post","link":"https:\/\/cdnoticias.com\/index.php\/2020\/10\/01\/hisoparon-y-seguira-aislado-el-intendente-de-laprida\/","title":{"rendered":"Hisoparon y seguir\u00e1 aislado el intendente de Laprida"},"content":{"rendered":"<p>La medida se tom\u00f3 tras confirmarse el test positivo de Covid19 del secretario de gobierno, Nicol\u00e1s Di Filippo.<\/p>\n<p><!--more--><\/p>\n<hr \/>\n<p>En las \u00faltimas horas se hab\u00eda conocido la novedad de que <a href=\"https:\/\/cdnoticias.com\/index.php\/2020\/09\/29\/por-posible-contacto-estrecho-se-debio-aislar-el-intendente-de-laprida\/\">el intendente de Laprida Pablo Torres hab\u00eda sido aislado de manera preventiva<\/a>, tras haber sido hisopado su secretario de gobierno, Nicol\u00e1s Di Filippo. La novedad ahora est\u00e1 dada en que \u00e9ste \u00faltimo <strong>dio positivo de coronavirus, por lo que ahora la atenci\u00f3n est\u00e1 focalizada en el jefe comunal del distrito vecino.<\/strong><\/p>\n<p>&nbsp;<\/p>\n<p>Tal es as\u00ed que, adem\u00e1s de prolongar su aislamiento, se decidi\u00f3 someter a Torres a un hisopado. <strong>\u201cEl jefe comunal se encuentra sin s\u00edntomas y por prevenci\u00f3n desde el \u00e1rea de salud al realizarse la revisaci\u00f3n, se consider\u00f3 importante realizar el hisopado correspondiente\u201d se detall\u00f3 desde el Municipio lapridense.<\/strong><\/p>\n<p>&nbsp;<\/p>\n<p>Por otra parte, el director del Hospital Municipal de Laprida, Fernando Andreatta, expres\u00f3 que el intendente <strong>\u201cno es el \u00fanico funcionario que est\u00e1 aislado\u201d<\/strong>, sino que tambi\u00e9n cumplen de forma obligatoria la medida \u201cotros funcionarios de menor rango\u201d, que trabajan en el ala derecha del Municipio, que donde est\u00e1 el despacho de la intendencia.<\/p>\n<p>&nbsp;<\/p>\n<p><a href=\"https:\/\/www.ohlaprida.com.ar\/\"><em>Fuente Oh Laprida<\/em><\/a><\/p>\n","protected":false},"excerpt":{"rendered":"<p>La medida se tom\u00f3 tras confirmarse el test positivo de Covid19 del secretario de gobierno, Nicol\u00e1s Di Filippo.<\/p>\n","protected":false},"author":3,"featured_media":2957,"comment_status":"closed","ping_status":"closed","sticky":false,"template":"","format":"standard","meta":{"_jetpack_memberships_contains_paid_content":false,"footnotes":""},"categories":[6,1],"tags":[],"class_list":["post-2956","post","type-post","status-publish","format-standard","has-post-thumbnail","hentry","category-nacionales","category-portada"],"jetpack_featured_media_url":"https:\/\/i0.wp.com\/cdnoticias.com\/wp-content\/uploads\/2020\/10\/torrestutorial.jpg?fit=1011%2C573&ssl=1","jetpack_sharing_enabled":true,"_links":{"self":[{"href":"https:\/\/cdnoticias.com\/index.php\/wp-json\/wp\/v2\/posts\/2956","targetHints":{"allow":["GET"]}}],"collection":[{"href":"https:\/\/cdnoticias.com\/index.php\/wp-json\/wp\/v2\/posts"}],"about":[{"href":"https:\/\/cdnoticias.com\/index.php\/wp-json\/wp\/v2\/types\/post"}],"author":[{"embeddable":true,"href":"https:\/\/cdnoticias.com\/index.php\/wp-json\/wp\/v2\/users\/3"}],"replies":[{"embeddable":true,"href":"https:\/\/cdnoticias.com\/index.php\/wp-json\/wp\/v2\/comments?post=2956"}],"version-history":[{"count":0,"href":"https:\/\/cdnoticias.com\/index.php\/wp-json\/wp\/v2\/posts\/2956\/revisions"}],"wp:featuredmedia":[{"embeddable":true,"href":"https:\/\/cdnoticias.com\/index.php\/wp-json\/wp\/v2\/media\/2957"}],"wp:attachment":[{"href":"https:\/\/cdnoticias.com\/index.php\/wp-json\/wp\/v2\/media?parent=2956"}],"wp:term":[{"taxonomy":"category","embeddable":true,"href":"https:\/\/cdnoticias.com\/index.php\/wp-json\/wp\/v2\/categories?post=2956"},{"taxonomy":"post_tag","embeddable":true,"href":"https:\/\/cdnoticias.com\/index.php\/wp-json\/wp\/v2\/tags?post=2956"}],"curies":[{"name":"wp","href":"https:\/\/api.w.org\/{rel}","templated":true}]}}