{"id":29552,"date":"2021-08-13T17:24:32","date_gmt":"2021-08-13T20:24:32","guid":{"rendered":"http:\/\/www.centraldenoticias.com.ar\/?p=29552"},"modified":"2021-08-13T17:36:36","modified_gmt":"2021-08-13T20:36:36","slug":"pueden-tener-la-tranquilidad-de-que-esta-noche-podran-prender-bien-los-calefactores","status":"publish","type":"post","link":"https:\/\/cdnoticias.com\/index.php\/2021\/08\/13\/pueden-tener-la-tranquilidad-de-que-esta-noche-podran-prender-bien-los-calefactores\/","title":{"rendered":"\u201cPueden tener la tranquilidad de que esta noche podr\u00e1n prender bien los calefactores\u201d"},"content":{"rendered":"<p>La diputada nacional Liliana Schwindt fue la \u00fanica oradora olavarriense en el acto de Alberto Fern\u00e1ndez en el Parque Mitre. Valor\u00f3 la sanci\u00f3n de la Zona fr\u00eda e hizo un largo repaso que lleg\u00f3 hasta su aprobaci\u00f3n.<!--more--><\/p>\n<hr \/>\n<p>En el acto encabezado por el Presidente Alberto Fern\u00e1ndez en Olavarr\u00eda,<strong> la diputada nacional y precandidata a senadora provincial Liliana Schwindt fue la \u00fanica oradora local en el acto y resalt\u00f3 el arduo y complejo camino para la aprobaci\u00f3n de la Zona Fr\u00eda para la ciudad<\/strong> y otros distritos de la Provincia y otros distritos del pa\u00eds.<\/p>\n<p>&nbsp;<\/p>\n<p>Agradeci\u00f3 la elecci\u00f3n de Olavarr\u00eda para<em> \u201cpresentar una Ley que tiene tantos a\u00f1os de lucha, tantos a\u00f1os de trabajo y reclamo, y para nosotros quienes hemos trabajado y militado esto, tiene rostros\u201d.<\/em><\/p>\n<p>&nbsp;<\/p>\n<p><img data-recalc-dims=\"1\" loading=\"lazy\" decoding=\"async\" class=\"alignnone size-full wp-image-29553\" src=\"https:\/\/i0.wp.com\/cdnoticias.com\/wp-content\/uploads\/2021\/08\/acto-fernandez-liliana1.jpg?resize=765%2C429&#038;ssl=1\" alt=\"\" width=\"765\" height=\"429\" srcset=\"https:\/\/i0.wp.com\/cdnoticias.com\/wp-content\/uploads\/2021\/08\/acto-fernandez-liliana1.jpg?w=765&amp;ssl=1 765w, https:\/\/i0.wp.com\/cdnoticias.com\/wp-content\/uploads\/2021\/08\/acto-fernandez-liliana1.jpg?resize=300%2C168&amp;ssl=1 300w\" sizes=\"auto, (max-width: 765px) 100vw, 765px\" \/><\/p>\n<p>&nbsp;<\/p>\n<blockquote><p>Destac\u00f3 que es una Ley \u201cque tiene nombre y apellido: tiene el nombre del jubilado que le sacaron el medidor y tiene la garrafa. De la familia que tuvo que endeudarse para pagar el gas\u201d.<\/p><\/blockquote>\n<p>&nbsp;<\/p>\n<p>Adem\u00e1s, agradeci\u00f3 la presencia del gobernador Kicillof, del presidente de la C\u00e1mara Sergio Massa, ministros, mi querida Cristina \u00c1lvarez Rodr\u00edguez\u201d y resalt\u00f3 un dirigente en particular: <strong><em>\u201cesta Ley es posible porque nuestro presidente del bloque, M\u00e1ximo Kirchner, tuvo la comprensi\u00f3n y sensibilidad para sacar adelante esta Ley\u201d.<\/em><\/strong><\/p>\n<p>&nbsp;<\/p>\n<p><img data-recalc-dims=\"1\" loading=\"lazy\" decoding=\"async\" class=\"alignnone size-full wp-image-29548\" src=\"https:\/\/i0.wp.com\/cdnoticias.com\/wp-content\/uploads\/2021\/08\/acto-fernandez2.jpg?resize=763%2C382&#038;ssl=1\" alt=\"\" width=\"763\" height=\"382\" srcset=\"https:\/\/i0.wp.com\/cdnoticias.com\/wp-content\/uploads\/2021\/08\/acto-fernandez2.jpg?w=763&amp;ssl=1 763w, https:\/\/i0.wp.com\/cdnoticias.com\/wp-content\/uploads\/2021\/08\/acto-fernandez2.jpg?resize=300%2C150&amp;ssl=1 300w\" sizes=\"auto, (max-width: 763px) 100vw, 763px\" \/><\/p>\n<p>&nbsp;<\/p>\n<p><em>\u201cQuiero traer a este acto y agradecer a aquellos que estaban en mesitas y juntaban firmas, iban a las audiencias p\u00fablicas y marchaban, a las asociaciones de consumidores, las OMIC y todos los que estuvieron\u201d.<\/em> Tambi\u00e9n tuvo un especial agradecimiento al diputado Jos\u00e9 Luis Ram\u00f3n <em>\u201cque vino con sus frazadas desde Mendoza\u201d<\/em> y a \u201c<em>mi amigo Sergio Massa, que crey\u00f3 tanto en esto\u201d.<\/em><\/p>\n<p>&nbsp;<\/p>\n<blockquote><p>Dej\u00f3 en claro que \u201cestamos haciendo justicia social, y lo est\u00e1 haciendo un gobierno peronista\u201d.<\/p><\/blockquote>\n<p>&nbsp;<\/p>\n<p><em>\u201cPensamos cuando hicimos la Ley en los m\u00e1s vulnerables. Y pensamos en una clase media que necesitaba de esto. Incluimos en el 50% a todos aquellos trabajadores, trabajadoras, jubilados y jubiladas que tiene un ingreso hasta 4 salarios m\u00ednimos.<strong> Y todos saben que aquellos que superan los 4 salarios m\u00ednimos, que consideramos que es un derecho porque lo pueden vivir en carne propia, tienen el 30% de descuento<\/strong>\u201d.<\/em><\/p>\n<p>&nbsp;<\/p>\n<p>Mencion\u00f3 al gobernador Kicillof dado que<em> \u201c92 localidades de la Provincia van a tener una tarifa justa y razonable\u201d.<\/em><\/p>\n<p>&nbsp;<\/p>\n<p>Explic\u00f3 que adem\u00e1s de que<em> \u201c4 millones de usuarios lo vamos a ver en nuestras facturas\u201d<\/em> como la Ley fue reglamentada a partir del 2 de agosto<em> \u201cva a depender de las distribuidoras y el d\u00eda que cierren la medici\u00f3n\u201d.<\/em><\/p>\n<p>&nbsp;<\/p>\n<blockquote><p>\u201cPero todo agosto y a partir de ahora correr\u00e1 dentro de Zona fr\u00eda. Pueden tener la tranquilidad de que esta noche podr\u00e1n prender bien los calefactores\u201d dijo, sonriendo, entre aplausos de los presentes.<\/p><\/blockquote>\n<p>&nbsp;<\/p>\n<p>Finalmente habl\u00f3 de las elecciones y de la f\u00f3rmula que tiene junto a Bali Bucca. <em>\u201cQuiero decirles que tengan la seguridad de que vamos a trabajar con la misma responsabilidad, entrega que lo hemos hecho en estas cosas. Quiero decirle a Axel que est\u00e1n todos los dirigentes de la S\u00e9ptima Secci\u00f3n\u201d.<\/em><\/p>\n<p>&nbsp;<\/p>\n<blockquote><p>\u201cVamos a hacer todo el esfuerzo para que el gobernador tenga dos senadores m\u00e1s y pueda gobernar con libertad. Y no caiga en la extorsi\u00f3n de la oposici\u00f3n\u201d.<\/p><\/blockquote>\n<p>&nbsp;<\/p>\n<p>Habl\u00f3 del Frente de Todos local, que<em> \u201cest\u00e1n con los empresarios y el campo\u201d<\/em> y valor\u00f3 la candidatura de Maximiliano Wesner, <em>\u201cun hijo de la ciudad\u201d. \u201cUnidos y organizados caminamos junto al pueblo, vamos a seguir llevando el Estado al pueblo\u201d<\/em> cerr\u00f3.<\/p>\n","protected":false},"excerpt":{"rendered":"<p>La diputada nacional Liliana Schwindt fue la \u00fanica oradora olavarriense en el acto de Alberto Fern\u00e1ndez en el Parque Mitre.<\/p>\n","protected":false},"author":2,"featured_media":29554,"comment_status":"closed","ping_status":"closed","sticky":false,"template":"","format":"standard","meta":{"_jetpack_memberships_contains_paid_content":false,"footnotes":""},"categories":[4,1],"tags":[],"class_list":["post-29552","post","type-post","status-publish","format-standard","has-post-thumbnail","hentry","category-politica","category-portada"],"jetpack_featured_media_url":"https:\/\/i0.wp.com\/cdnoticias.com\/wp-content\/uploads\/2021\/08\/WhatsApp-Image-2021-08-13-at-17.21.22.jpeg?fit=1493%2C995&ssl=1","jetpack_sharing_enabled":true,"_links":{"self":[{"href":"https:\/\/cdnoticias.com\/index.php\/wp-json\/wp\/v2\/posts\/29552","targetHints":{"allow":["GET"]}}],"collection":[{"href":"https:\/\/cdnoticias.com\/index.php\/wp-json\/wp\/v2\/posts"}],"about":[{"href":"https:\/\/cdnoticias.com\/index.php\/wp-json\/wp\/v2\/types\/post"}],"author":[{"embeddable":true,"href":"https:\/\/cdnoticias.com\/index.php\/wp-json\/wp\/v2\/users\/2"}],"replies":[{"embeddable":true,"href":"https:\/\/cdnoticias.com\/index.php\/wp-json\/wp\/v2\/comments?post=29552"}],"version-history":[{"count":0,"href":"https:\/\/cdnoticias.com\/index.php\/wp-json\/wp\/v2\/posts\/29552\/revisions"}],"wp:featuredmedia":[{"embeddable":true,"href":"https:\/\/cdnoticias.com\/index.php\/wp-json\/wp\/v2\/media\/29554"}],"wp:attachment":[{"href":"https:\/\/cdnoticias.com\/index.php\/wp-json\/wp\/v2\/media?parent=29552"}],"wp:term":[{"taxonomy":"category","embeddable":true,"href":"https:\/\/cdnoticias.com\/index.php\/wp-json\/wp\/v2\/categories?post=29552"},{"taxonomy":"post_tag","embeddable":true,"href":"https:\/\/cdnoticias.com\/index.php\/wp-json\/wp\/v2\/tags?post=29552"}],"curies":[{"name":"wp","href":"https:\/\/api.w.org\/{rel}","templated":true}]}}