{"id":2954,"date":"2020-10-01T17:55:57","date_gmt":"2020-10-01T20:55:57","guid":{"rendered":"http:\/\/www.centraldenoticias.com.ar\/?p=2954"},"modified":"2020-10-01T17:55:57","modified_gmt":"2020-10-01T20:55:57","slug":"determinan-los-causales-de-muerte-de-facundo-astudillo-castro","status":"publish","type":"post","link":"https:\/\/cdnoticias.com\/index.php\/2020\/10\/01\/determinan-los-causales-de-muerte-de-facundo-astudillo-castro\/","title":{"rendered":"Determinan los causales de muerte de Facundo Astudillo Castro"},"content":{"rendered":"<p>La autopsia realizada por el Equipo de Antropolog\u00eda Forense determin\u00f3 que el joven de 22 a\u00f1os muri\u00f3 por \u201casfixia por sumersi\u00f3n (ahogamiento)\u201d pero que los restos \u00f3seos \u201cno presentaban lesiones vitales de origen traum\u00e1tico\u201d ni \u201csignos de participaci\u00f3n de terceras personas sobre los restos estudiados\u201d.<!--more--><\/p>\n<hr \/>\n<p>En la jornada de este jueves,<strong> el Juzgado Federal N\u00b0 2 de Bah\u00eda Blanca dio a conocer el trabajo del Equipo Argentino de Antropolog\u00eda Forense (EAAF) en las pericias al cuerpo de Facundo Astudillo Castro<\/strong>, el joven desaparecido y encontrado muerto cerca de la localidad bonaerense.<\/p>\n<p>&nbsp;<\/p>\n<p>Seg\u00fan la autopsia, <strong>se concluy\u00f3 que el joven de 22 a\u00f1os muri\u00f3 por <em>\u201casfixia por sumersi\u00f3n (ahogamiento)\u201d<\/em>, que los restos \u00f3seos <em>\u201cno presentaban lesiones vitales de origen traum\u00e1tico\u201d<\/em><\/strong> y que <em>\u201cno se observaron signos de participaci\u00f3n de terceras personas sobre los restos estudiados\u201d.<\/em><\/p>\n<p>&nbsp;<\/p>\n<blockquote><p>\u201cSe trat\u00f3 de una muerte violenta, por no ser natural. El avanzado estado de esqueletizaci\u00f3n del cad\u00e1ver limit\u00f3 las posibilidades de conocer el modo de la muerte, no pudiendo la ciencia forense determinar con rigor cient\u00edfico si se trat\u00f3 de uno u otro modo de muerte violenta: suicida, homicida o accidental\u201d, detalla el informe final.<\/p><\/blockquote>\n<p>&nbsp;<\/p>\n<p><em>\u201cDichos resultados permiten aseverar, con el rigor cient\u00edfico necesario, que la muerte de Facundo Jos\u00e9 Astudillo Castro se produjo por asfixia por sumersi\u00f3n (ahogamiento). La sumersi\u00f3n (mecanismo asf\u00edctico) es la causa de muerte por obstrucci\u00f3n de la v\u00eda a\u00e9rea por el ingreso de l\u00edquidos durante el proceso de respiraci\u00f3n bajo el agua, generando el ahogamiento (asfixia mec\u00e1nica)\u201d<\/em>, agrega el informe. <strong>Sin embargo, resalta que por el estado del cuerpo encontrado se estuvo limitado en las posibilidades de conocer el modo de la muerte.<\/strong><\/p>\n<p>&nbsp;<\/p>\n<p>Otro de los puntos importantes de la autopsia es que el joven muri\u00f3 en el lugar en el que fue encontrado su cuerpo, el 15 de agosto: <em>\u201cDel estudio forense no surgen elementos que permitan suponer que los restos humanos hayan estado en otro ambiente distinto al del hallazgo durante el intervalo postmortem consignado\u201d<\/em>, se\u00f1ala.<\/p>\n<p>&nbsp;<\/p>\n<p>Tras el hallazgo del cad\u00e1ver esqueletizado y la confirmaci\u00f3n, a comienzos de septiembre, de que pertenec\u00eda a Facundo<strong>, la investigaci\u00f3n avanz\u00f3 decidida hacia la hip\u00f3tesis de desaparici\u00f3n forzada seguida de muerte.<\/strong> La autopsia se realiz\u00f3 el pasado 25 de agosto y particip\u00f3 un equipo interdisciplinario compuesto por unos 15 peritos.<\/p>\n<p>&nbsp;<\/p>\n<p>Por parte del EAAF estuvieron su director, Luis Fondebrider (antrop\u00f3logo forense); Anal\u00eda Simonetto (antrop\u00f3loga forense, coordinadora del Laboratorio de Antropolog\u00eda Forense); Mercedes Salado Puerto (antrop\u00f3loga forense, coordinadora de Identificaci\u00f3n); Luis Bosio (m\u00e9dico forense); y Gala Maruscak (fot\u00f3grafa pericial).<\/p>\n<p>&nbsp;<\/p>\n<p>En cuanto al Cuerpo M\u00e9dico Forense (CMF), intervinieron Roberto Cohen (m\u00e9dico forense); Alejandro Rullan Corna (m\u00e9dico forense); Marta Maldonado (odont\u00f3loga forense); Jorge Pereyra (radi\u00f3logo forense), y Mariana Selva (antrop\u00f3loga forense).<\/p>\n<p>&nbsp;<\/p>\n<p>Por parte del Consejo Nacional de Investigaciones Cient\u00edficas y T\u00e9cnicas (Conicet) particip\u00f3 Nora Maidana (an\u00e1lisis de Diatomeas),<strong> mientras que por la Universidad del Centro (Unicen) lo hicieron los investigadores locales Mar\u00eda Guti\u00e9rrez (Tafonom\u00eda), Mar\u00eda Clara \u00c1lvarez (arque\u00f3loga) y Cristian Ariel Kaufmann (Ciencias Naturales).<\/strong> Asimismo, Virginia Cr\u00e9imer, especialista consultora en Medicina Legal, fue designada como perito por parte de la querella.<\/p>\n","protected":false},"excerpt":{"rendered":"<p>La autopsia realizada por el Equipo de Antropolog\u00eda Forense determin\u00f3 que el joven de 22 a\u00f1os muri\u00f3 por \u201casfixia por<\/p>\n","protected":false},"author":2,"featured_media":578,"comment_status":"closed","ping_status":"closed","sticky":false,"template":"","format":"standard","meta":{"_jetpack_memberships_contains_paid_content":false,"footnotes":""},"categories":[6,1],"tags":[],"class_list":["post-2954","post","type-post","status-publish","format-standard","has-post-thumbnail","hentry","category-nacionales","category-portada"],"jetpack_featured_media_url":"https:\/\/i0.wp.com\/cdnoticias.com\/wp-content\/uploads\/2020\/09\/FacundoAstudilloCastro.jpg?fit=905%2C510&ssl=1","jetpack_sharing_enabled":true,"_links":{"self":[{"href":"https:\/\/cdnoticias.com\/index.php\/wp-json\/wp\/v2\/posts\/2954","targetHints":{"allow":["GET"]}}],"collection":[{"href":"https:\/\/cdnoticias.com\/index.php\/wp-json\/wp\/v2\/posts"}],"about":[{"href":"https:\/\/cdnoticias.com\/index.php\/wp-json\/wp\/v2\/types\/post"}],"author":[{"embeddable":true,"href":"https:\/\/cdnoticias.com\/index.php\/wp-json\/wp\/v2\/users\/2"}],"replies":[{"embeddable":true,"href":"https:\/\/cdnoticias.com\/index.php\/wp-json\/wp\/v2\/comments?post=2954"}],"version-history":[{"count":0,"href":"https:\/\/cdnoticias.com\/index.php\/wp-json\/wp\/v2\/posts\/2954\/revisions"}],"wp:featuredmedia":[{"embeddable":true,"href":"https:\/\/cdnoticias.com\/index.php\/wp-json\/wp\/v2\/media\/578"}],"wp:attachment":[{"href":"https:\/\/cdnoticias.com\/index.php\/wp-json\/wp\/v2\/media?parent=2954"}],"wp:term":[{"taxonomy":"category","embeddable":true,"href":"https:\/\/cdnoticias.com\/index.php\/wp-json\/wp\/v2\/categories?post=2954"},{"taxonomy":"post_tag","embeddable":true,"href":"https:\/\/cdnoticias.com\/index.php\/wp-json\/wp\/v2\/tags?post=2954"}],"curies":[{"name":"wp","href":"https:\/\/api.w.org\/{rel}","templated":true}]}}