{"id":29517,"date":"2021-08-13T12:36:49","date_gmt":"2021-08-13T15:36:49","guid":{"rendered":"http:\/\/www.centraldenoticias.com.ar\/?p=29517"},"modified":"2021-08-13T12:36:49","modified_gmt":"2021-08-13T15:36:49","slug":"norma-renee-roznak-viuda-de-lusnigh-q-e-p-d","status":"publish","type":"post","link":"https:\/\/cdnoticias.com\/index.php\/2021\/08\/13\/norma-renee-roznak-viuda-de-lusnigh-q-e-p-d\/","title":{"rendered":"Norma Renee Roz\u00f1ak viuda de Lusnigh (Q.E.P.D.)"},"content":{"rendered":"<p>Falleci\u00f3 en Olavarr\u00eda el d\u00eda 13 de agosto de 2021 a los 83 a\u00f1os de edad.<\/p>\n<p>&nbsp;<\/p>\n<p>Sus hijos pol\u00edticos Jorge Eduardo Defeo y Sof\u00eda Luz Martinez. Su nieto Christian Maximiliano Defeo y dem\u00e1s deudos participan su fallecimiento.<\/p>\n<p>&nbsp;<\/p>\n<p>Sin velatorio. Responso: Crematorio Pinos de Paz. Cremaci\u00f3n: Crematorio Pinos de Paz, a confirmar. Servicio adherido a Coopelectric.<\/p>\n<p>&nbsp;<\/p>\n<p>Vecina de Barrio San Vicente.<\/p>\n<p>&nbsp;<\/p>\n<p>Nacida en Buenos Aires.<\/p>\n<p>&nbsp;<\/p>\n<p>Jubilada y Pensionada.<\/p>\n","protected":false},"excerpt":{"rendered":"<p>Falleci\u00f3 en Olavarr\u00eda el d\u00eda 13 de agosto de 2021 a los 83 a\u00f1os de edad. &nbsp; Sus hijos pol\u00edticos<\/p>\n","protected":false},"author":4,"featured_media":0,"comment_status":"closed","ping_status":"closed","sticky":false,"template":"","format":"standard","meta":{"_jetpack_memberships_contains_paid_content":false,"footnotes":""},"categories":[10],"tags":[],"class_list":["post-29517","post","type-post","status-publish","format-standard","hentry","category-necrologicas"],"jetpack_featured_media_url":"","jetpack_sharing_enabled":true,"_links":{"self":[{"href":"https:\/\/cdnoticias.com\/index.php\/wp-json\/wp\/v2\/posts\/29517","targetHints":{"allow":["GET"]}}],"collection":[{"href":"https:\/\/cdnoticias.com\/index.php\/wp-json\/wp\/v2\/posts"}],"about":[{"href":"https:\/\/cdnoticias.com\/index.php\/wp-json\/wp\/v2\/types\/post"}],"author":[{"embeddable":true,"href":"https:\/\/cdnoticias.com\/index.php\/wp-json\/wp\/v2\/users\/4"}],"replies":[{"embeddable":true,"href":"https:\/\/cdnoticias.com\/index.php\/wp-json\/wp\/v2\/comments?post=29517"}],"version-history":[{"count":0,"href":"https:\/\/cdnoticias.com\/index.php\/wp-json\/wp\/v2\/posts\/29517\/revisions"}],"wp:attachment":[{"href":"https:\/\/cdnoticias.com\/index.php\/wp-json\/wp\/v2\/media?parent=29517"}],"wp:term":[{"taxonomy":"category","embeddable":true,"href":"https:\/\/cdnoticias.com\/index.php\/wp-json\/wp\/v2\/categories?post=29517"},{"taxonomy":"post_tag","embeddable":true,"href":"https:\/\/cdnoticias.com\/index.php\/wp-json\/wp\/v2\/tags?post=29517"}],"curies":[{"name":"wp","href":"https:\/\/api.w.org\/{rel}","templated":true}]}}