{"id":29432,"date":"2021-08-12T19:40:55","date_gmt":"2021-08-12T22:40:55","guid":{"rendered":"http:\/\/www.centraldenoticias.com.ar\/?p=29432"},"modified":"2021-08-12T19:40:55","modified_gmt":"2021-08-12T22:40:55","slug":"ezequiel-galli-y-diego-robbiani-visitaron-un-frigorifico-en-azul","status":"publish","type":"post","link":"https:\/\/cdnoticias.com\/index.php\/2021\/08\/12\/ezequiel-galli-y-diego-robbiani-visitaron-un-frigorifico-en-azul\/","title":{"rendered":"Ezequiel Galli y Diego Robbiani visitaron un frigor\u00edfico en Azul"},"content":{"rendered":"<p>Estuvieron acompa\u00f1ados por el intendente local Hern\u00e1n Bertellys, la senadora Lucrecia Egger y el jefe de gabinete azule\u00f1o Alejandro Vieyra.<!--more--><\/p>\n<hr \/>\n<p>En la tarde de este jueves el intendente de Olavarr\u00eda <strong>Ezequiel Galli visit\u00f3 la ciudad de Azul, donde, junto a su par Hern\u00e1n Bertellys, visitaron el frigor\u00edfico American Meat de la localidad de Cachar\u00ed.<\/strong><\/p>\n<p>&nbsp;<\/p>\n<blockquote><p>Los jefes comunales estuvieron acompa\u00f1ados por la actual senadora provincial y precandidata a renovar su banca, Lucrecia Egger, el secretario de Desarrollo Humano y Calidad de Vida de Olavarr\u00eda y precandidato a senador provincial Diego Robbiani, el jefe de Gabinete de Azul y precandidato a concejal Alejandro Vieyra, el delegado de Cachar\u00ed Gast\u00f3n De Dominicis y el responsable de la empresa Tom\u00e1s Luco.<\/p><\/blockquote>\n<p>&nbsp;<\/p>\n<p>Tras la recorrida Galli se\u00f1al\u00f3 que \u201crealmente esto es una gran iniciativa, con una proyecci\u00f3n para generar empleo. Seguramente Olavarr\u00eda va a nutrir a este frigor\u00edfico con cabezas de ganado as\u00ed que tambi\u00e9n es importante para la regi\u00f3n\u201d. \u00a0\u201cCon Hern\u00e1n venimos trabajando en esta articulaci\u00f3n entre una ciudad y la otra, <strong>pensando estrat\u00e9gicamente en qu\u00e9 podemos hacer entre los dos municipios y la relaci\u00f3n que tenemos ya es de amistad as\u00ed que todo lo que podamos hacer en conjunto es positivo para los vecinos<\/strong>\u201d, agreg\u00f3.<\/p>\n<p>&nbsp;<\/p>\n<p>Por su parte, Hern\u00e1n Bertellys dijo: <strong>\u201cestamos en un lugar donde se ve el presente y el futuro, este frigor\u00edfico que va a generar las fuentes de trabajo tan anheladas\u201d.<\/strong><\/p>\n<p>&nbsp;<\/p>\n<p>Adem\u00e1s, Alejandro Vieyra remarc\u00f3: <strong>\u201ceste lugar que lo hemos venido a ver cuando pr\u00e1cticamente era un lugar abandonado y hoy lo vemos en el inicio de lo que va a ser el esplendor<\/strong>, el esplendor significa para nosotros la gratificaci\u00f3n de tener fuentes de trabajo y obviamente inversi\u00f3n\u201d.<\/p>\n<p>&nbsp;<\/p>\n<p><img data-recalc-dims=\"1\" loading=\"lazy\" decoding=\"async\" class=\"alignnone size-large wp-image-29434\" src=\"https:\/\/i0.wp.com\/cdnoticias.com\/wp-content\/uploads\/2021\/08\/galliazul-3.jpg?resize=800%2C378&#038;ssl=1\" alt=\"\" width=\"800\" height=\"378\" srcset=\"https:\/\/i0.wp.com\/cdnoticias.com\/wp-content\/uploads\/2021\/08\/galliazul-3.jpg?resize=1024%2C484&amp;ssl=1 1024w, https:\/\/i0.wp.com\/cdnoticias.com\/wp-content\/uploads\/2021\/08\/galliazul-3.jpg?resize=300%2C142&amp;ssl=1 300w, https:\/\/i0.wp.com\/cdnoticias.com\/wp-content\/uploads\/2021\/08\/galliazul-3.jpg?resize=768%2C363&amp;ssl=1 768w, https:\/\/i0.wp.com\/cdnoticias.com\/wp-content\/uploads\/2021\/08\/galliazul-3.jpg?w=1600&amp;ssl=1 1600w\" sizes=\"auto, (max-width: 800px) 100vw, 800px\" \/><\/p>\n<p>&nbsp;<\/p>\n<p>En este sentido, la senadora Egger indic\u00f3: \u201cac\u00e1 lo debemos destacar es la importancia de la cultura del trabajo. Tom\u00e1s nos contaba que ve\u00eda a su padre levant\u00e1ndose todas las ma\u00f1anas temprano, que a los 11 a\u00f1os lo mand\u00f3 a su primer remate de hacienda y creo que esto demuestra <strong>lo importante que es la cultura del trabajo, esta falta que tanto nos hace a la sociedad que nuestros hijos vean c\u00f3mo sus padres se sacrifican y que nadie les regala nada, que todo es producto del esfuerzo<\/strong>\u201d.<\/p>\n<p>&nbsp;<\/p>\n<p>Finalmente, Robbiani expres\u00f3 que \u201cen este momento donde hay una crisis nacional y provincial muy fuerte, donde los puestos de trabajos se pierden todos los d\u00edas, donde las inversiones son muy dif\u00edciles, <strong>lograr invertir ac\u00e1 en la ciudad realmente es muy importante<\/strong>\u201d.<\/p>\n","protected":false},"excerpt":{"rendered":"<p>Estuvieron acompa\u00f1ados por el intendente local Hern\u00e1n Bertellys, la senadora Lucrecia Egger y el jefe de gabinete azule\u00f1o Alejandro Vieyra.<\/p>\n","protected":false},"author":3,"featured_media":29433,"comment_status":"closed","ping_status":"closed","sticky":false,"template":"","format":"standard","meta":{"_jetpack_memberships_contains_paid_content":false,"footnotes":""},"categories":[4,1],"tags":[],"class_list":["post-29432","post","type-post","status-publish","format-standard","has-post-thumbnail","hentry","category-politica","category-portada"],"jetpack_featured_media_url":"https:\/\/i0.wp.com\/cdnoticias.com\/wp-content\/uploads\/2021\/08\/galliazul-1.jpg?fit=1152%2C546&ssl=1","jetpack_sharing_enabled":true,"_links":{"self":[{"href":"https:\/\/cdnoticias.com\/index.php\/wp-json\/wp\/v2\/posts\/29432","targetHints":{"allow":["GET"]}}],"collection":[{"href":"https:\/\/cdnoticias.com\/index.php\/wp-json\/wp\/v2\/posts"}],"about":[{"href":"https:\/\/cdnoticias.com\/index.php\/wp-json\/wp\/v2\/types\/post"}],"author":[{"embeddable":true,"href":"https:\/\/cdnoticias.com\/index.php\/wp-json\/wp\/v2\/users\/3"}],"replies":[{"embeddable":true,"href":"https:\/\/cdnoticias.com\/index.php\/wp-json\/wp\/v2\/comments?post=29432"}],"version-history":[{"count":0,"href":"https:\/\/cdnoticias.com\/index.php\/wp-json\/wp\/v2\/posts\/29432\/revisions"}],"wp:featuredmedia":[{"embeddable":true,"href":"https:\/\/cdnoticias.com\/index.php\/wp-json\/wp\/v2\/media\/29433"}],"wp:attachment":[{"href":"https:\/\/cdnoticias.com\/index.php\/wp-json\/wp\/v2\/media?parent=29432"}],"wp:term":[{"taxonomy":"category","embeddable":true,"href":"https:\/\/cdnoticias.com\/index.php\/wp-json\/wp\/v2\/categories?post=29432"},{"taxonomy":"post_tag","embeddable":true,"href":"https:\/\/cdnoticias.com\/index.php\/wp-json\/wp\/v2\/tags?post=29432"}],"curies":[{"name":"wp","href":"https:\/\/api.w.org\/{rel}","templated":true}]}}