{"id":29430,"date":"2021-08-12T19:07:56","date_gmt":"2021-08-12T22:07:56","guid":{"rendered":"http:\/\/www.centraldenoticias.com.ar\/?p=29430"},"modified":"2021-08-12T20:23:28","modified_gmt":"2021-08-12T23:23:28","slug":"este-viernes-daniel-gollan-estara-con-maximiliano-wesner","status":"publish","type":"post","link":"https:\/\/cdnoticias.com\/index.php\/2021\/08\/12\/este-viernes-daniel-gollan-estara-con-maximiliano-wesner\/","title":{"rendered":"Este viernes Daniel Goll\u00e1n estar\u00e1 con Maximiliano Wesner"},"content":{"rendered":"<p>La visita del precandidato a diputado nacional estaba prevista para la tarde de este jueves. Sin embargo, todo se posterg\u00f3 algunas horas.<!--more--><\/p>\n<hr \/>\n<p>El<strong> exministro de Salud y precandidato a diputado nacional<\/strong> por la provincia de Buenos Aires por el Frente de Todos, Daniel Goll\u00e1n, estar\u00e1 en Olavarr\u00eda durante la ma\u00f1ana del viernes donde mantendr\u00e1 un desayuno de trabajo.<\/p>\n<p>Estar\u00e1n presentes el jefe de Gabinete del Ministerio de Salud bonaerense, Salvador Giorgi; el subsecretario de Miner\u00eda de la PBA, Federico Aguilera; el director Ejecutivo de la Regi\u00f3n Sanitaria IX, Ramiro Borzi; el diputado provincial, C\u00e9sar Valicenti; y Maximiliano Wesner y Natalia \u00c1lvarez, precandidatos a concejales.<\/p>\n<p>&nbsp;<\/p>\n<p><strong>Luego, brindar\u00e1\u00a0 junto a Maximiliano Wesner,<\/strong> una conferencia de prensa que se desarrollar\u00e1\u00a0en un hotel de la ciudad.<\/p>\n<p>&nbsp;<\/p>\n<p>La visita estaba prevista para este jueves por la tarde, pero <strong>todo se posterg\u00f3 algunas horas.<\/strong><\/p>\n<p>&nbsp;<\/p>\n<p><img data-recalc-dims=\"1\" loading=\"lazy\" decoding=\"async\" class=\"alignnone size-full wp-image-29437\" src=\"https:\/\/i0.wp.com\/cdnoticias.com\/wp-content\/uploads\/2021\/08\/2021_08_12_AK_CFK_Qunita-Lomas_015.jpg?resize=800%2C533&#038;ssl=1\" alt=\"\" width=\"800\" height=\"533\" srcset=\"https:\/\/i0.wp.com\/cdnoticias.com\/wp-content\/uploads\/2021\/08\/2021_08_12_AK_CFK_Qunita-Lomas_015.jpg?w=4290&amp;ssl=1 4290w, https:\/\/i0.wp.com\/cdnoticias.com\/wp-content\/uploads\/2021\/08\/2021_08_12_AK_CFK_Qunita-Lomas_015.jpg?resize=300%2C200&amp;ssl=1 300w, https:\/\/i0.wp.com\/cdnoticias.com\/wp-content\/uploads\/2021\/08\/2021_08_12_AK_CFK_Qunita-Lomas_015.jpg?resize=768%2C512&amp;ssl=1 768w, https:\/\/i0.wp.com\/cdnoticias.com\/wp-content\/uploads\/2021\/08\/2021_08_12_AK_CFK_Qunita-Lomas_015.jpg?resize=1024%2C683&amp;ssl=1 1024w, https:\/\/i0.wp.com\/cdnoticias.com\/wp-content\/uploads\/2021\/08\/2021_08_12_AK_CFK_Qunita-Lomas_015.jpg?resize=272%2C182&amp;ssl=1 272w, https:\/\/i0.wp.com\/cdnoticias.com\/wp-content\/uploads\/2021\/08\/2021_08_12_AK_CFK_Qunita-Lomas_015.jpg?w=1600&amp;ssl=1 1600w, https:\/\/i0.wp.com\/cdnoticias.com\/wp-content\/uploads\/2021\/08\/2021_08_12_AK_CFK_Qunita-Lomas_015.jpg?w=2400&amp;ssl=1 2400w\" sizes=\"auto, (max-width: 800px) 100vw, 800px\" \/><\/p>\n<p>&nbsp;<\/p>\n<p>Goll\u00e1n se encuentra en un recorrido por distintos sectores de la provincia. Incluso, particip\u00f3 durante la jornada del lanzamiento de la segunda edici\u00f3n del Plan Qunita, que encabez\u00f3 la vicepresidenta Cristina Fern\u00e1ndez de Kirchner en el municipio de Lomas de Zamora.<\/p>\n","protected":false},"excerpt":{"rendered":"<p>La visita del precandidato a diputado nacional estaba prevista para la tarde de este jueves. Sin embargo, todo se posterg\u00f3<\/p>\n","protected":false},"author":5,"featured_media":25911,"comment_status":"closed","ping_status":"closed","sticky":false,"template":"","format":"standard","meta":{"_jetpack_memberships_contains_paid_content":false,"footnotes":""},"categories":[4,1],"tags":[],"class_list":["post-29430","post","type-post","status-publish","format-standard","has-post-thumbnail","hentry","category-politica","category-portada"],"jetpack_featured_media_url":"https:\/\/i0.wp.com\/cdnoticias.com\/wp-content\/uploads\/2021\/07\/conferencia-gollan-00.jpg?fit=706%2C392&ssl=1","jetpack_sharing_enabled":true,"_links":{"self":[{"href":"https:\/\/cdnoticias.com\/index.php\/wp-json\/wp\/v2\/posts\/29430","targetHints":{"allow":["GET"]}}],"collection":[{"href":"https:\/\/cdnoticias.com\/index.php\/wp-json\/wp\/v2\/posts"}],"about":[{"href":"https:\/\/cdnoticias.com\/index.php\/wp-json\/wp\/v2\/types\/post"}],"author":[{"embeddable":true,"href":"https:\/\/cdnoticias.com\/index.php\/wp-json\/wp\/v2\/users\/5"}],"replies":[{"embeddable":true,"href":"https:\/\/cdnoticias.com\/index.php\/wp-json\/wp\/v2\/comments?post=29430"}],"version-history":[{"count":0,"href":"https:\/\/cdnoticias.com\/index.php\/wp-json\/wp\/v2\/posts\/29430\/revisions"}],"wp:featuredmedia":[{"embeddable":true,"href":"https:\/\/cdnoticias.com\/index.php\/wp-json\/wp\/v2\/media\/25911"}],"wp:attachment":[{"href":"https:\/\/cdnoticias.com\/index.php\/wp-json\/wp\/v2\/media?parent=29430"}],"wp:term":[{"taxonomy":"category","embeddable":true,"href":"https:\/\/cdnoticias.com\/index.php\/wp-json\/wp\/v2\/categories?post=29430"},{"taxonomy":"post_tag","embeddable":true,"href":"https:\/\/cdnoticias.com\/index.php\/wp-json\/wp\/v2\/tags?post=29430"}],"curies":[{"name":"wp","href":"https:\/\/api.w.org\/{rel}","templated":true}]}}