{"id":2943,"date":"2020-10-01T16:49:19","date_gmt":"2020-10-01T19:49:19","guid":{"rendered":"http:\/\/www.centraldenoticias.com.ar\/?p=2943"},"modified":"2020-10-01T18:51:25","modified_gmt":"2020-10-01T21:51:25","slug":"persecucion-y-accidente-un-motociclista-herido-y-aprehendido","status":"publish","type":"post","link":"https:\/\/cdnoticias.com\/index.php\/2020\/10\/01\/persecucion-y-accidente-un-motociclista-herido-y-aprehendido\/","title":{"rendered":"Persecuci\u00f3n y accidente: un motociclista herido y aprehendido"},"content":{"rendered":"<p>La situaci\u00f3n se registr\u00f3 en el inicio de la madrugada de este jueves. En el escape cruz\u00f3 6 sem\u00e1foros en rojo.<\/p>\n<p><!--more--><\/p>\n<hr \/>\n<p><strong>Un joven de 18 a\u00f1os debi\u00f3 ser hospitalizado en el inicio de la madrugada de este jueves luego de haberse implicado en un violento siniestro vial que tuvo como escenario la rotonda que une las avenidas Col\u00f3n e Urquiza<\/strong>, finalizando el rodado que manejaba en el play\u00f3n de una estaci\u00f3n de servicios. Sin embargo, tal cual pudo saber <em><strong>Central de Noticias<\/strong><\/em>, la historia comenz\u00f3 a varias cuadras de all\u00ed.<\/p>\n<p>&nbsp;<\/p>\n<p><strong>Si bien todo el caso tiene como lugar com\u00fan a la avenida Col\u00f3n, el comienzo del hecho fue a la altura de Tacuar\u00ed<\/strong>, donde personal policial que realizaba tareas adicionales para Control Urbano municipal vio c\u00f3mo una moto de baja cilindrada circulaba a alta velocidad, con dos ocupantes y sin las luces encendidas.<\/p>\n<p>&nbsp;<\/p>\n<p><img data-recalc-dims=\"1\" loading=\"lazy\" decoding=\"async\" class=\"alignnone size-large wp-image-2945\" src=\"https:\/\/i0.wp.com\/cdnoticias.com\/wp-content\/uploads\/2020\/10\/WhatsApp-Image-2020-10-01-at-09.59.39.jpeg?resize=800%2C600&#038;ssl=1\" alt=\"\" width=\"800\" height=\"600\" srcset=\"https:\/\/i0.wp.com\/cdnoticias.com\/wp-content\/uploads\/2020\/10\/WhatsApp-Image-2020-10-01-at-09.59.39.jpeg?resize=1024%2C768&amp;ssl=1 1024w, https:\/\/i0.wp.com\/cdnoticias.com\/wp-content\/uploads\/2020\/10\/WhatsApp-Image-2020-10-01-at-09.59.39.jpeg?resize=300%2C225&amp;ssl=1 300w, https:\/\/i0.wp.com\/cdnoticias.com\/wp-content\/uploads\/2020\/10\/WhatsApp-Image-2020-10-01-at-09.59.39.jpeg?resize=768%2C576&amp;ssl=1 768w, https:\/\/i0.wp.com\/cdnoticias.com\/wp-content\/uploads\/2020\/10\/WhatsApp-Image-2020-10-01-at-09.59.39.jpeg?w=1152&amp;ssl=1 1152w\" sizes=\"auto, (max-width: 800px) 100vw, 800px\" \/><\/p>\n<p>&nbsp;<\/p>\n<p>Seg\u00fan a\u00f1adieron las fuentes consultadas, sobre el cruce con avenida Ituzaing\u00f3 se les logr\u00f3 dar alcance y requerir que se detengan para ser identificados. Sin embargo, lejos de aminorar la marcha, <strong>el joven que la guiaba aceler\u00f3 y sigui\u00f3 por esa avenida, dando lugar a una persecuci\u00f3n que se extendi\u00f3 por varias cuadras<\/strong>.<\/p>\n<p>&nbsp;<\/p>\n<p><strong>De acuerdo a las actuaciones labradas, en el escape atravesaron 6 sem\u00e1foros en rojo, m\u00e1s precisamente la totalidad de los que se hallan en lo que podr\u00eda denominarse como el tramo c\u00e9ntrico de la avenida Col\u00f3n<\/strong>. Es decir aquellos que se encuentran ubicados sobres los cruces con Almirante Brown, Alsina, Rivadavia, Lamadrid, Espa\u00f1a y avenida Pringles.<\/p>\n<p>&nbsp;<\/p>\n<p><img data-recalc-dims=\"1\" loading=\"lazy\" decoding=\"async\" class=\"alignnone size-large wp-image-2948\" src=\"https:\/\/i0.wp.com\/cdnoticias.com\/wp-content\/uploads\/2020\/10\/choque-YPF.jpg?resize=800%2C370&#038;ssl=1\" alt=\"\" width=\"800\" height=\"370\" srcset=\"https:\/\/i0.wp.com\/cdnoticias.com\/wp-content\/uploads\/2020\/10\/choque-YPF.jpg?resize=1024%2C474&amp;ssl=1 1024w, https:\/\/i0.wp.com\/cdnoticias.com\/wp-content\/uploads\/2020\/10\/choque-YPF.jpg?resize=300%2C139&amp;ssl=1 300w, https:\/\/i0.wp.com\/cdnoticias.com\/wp-content\/uploads\/2020\/10\/choque-YPF.jpg?resize=768%2C356&amp;ssl=1 768w, https:\/\/i0.wp.com\/cdnoticias.com\/wp-content\/uploads\/2020\/10\/choque-YPF.jpg?w=1103&amp;ssl=1 1103w\" sizes=\"auto, (max-width: 800px) 100vw, 800px\" \/><\/p>\n<p>&nbsp;<\/p>\n<p>La persecuci\u00f3n continu\u00f3 m\u00e1s all\u00e1 del paso a nivel y ser\u00eda sobre la rotonda con Urquiza en donde el conductor habr\u00eda perdido el control del rodado y colisionado luego con un cartel de la estaci\u00f3n de servicios ubicada sobre ese cruce.<strong> La moto, una Yamaha de baja cilindrada, se desliz\u00f3 y culmin\u00f3 sobre el play\u00f3n, frente al shop del lugar.<\/strong><\/p>\n<p>&nbsp;<\/p>\n<p>El motociclista debi\u00f3 ser trasladado por precauci\u00f3n al Hospital Municipal, donde permanec\u00eda en observaci\u00f3n en el \u00e1rea de cuidados generales, con la custodia de personal policial. <strong>Las actuaciones en su contra, en principio, fueron encuadradas como \u201cdesobediencia\u201d<\/strong>. Por su parte el acompa\u00f1ante, tambi\u00e9n de 18 a\u00f1os, result\u00f3 con raspones menores.<\/p>\n","protected":false},"excerpt":{"rendered":"<p>La situaci\u00f3n se registr\u00f3 en el inicio de la madrugada de este jueves. En el escape cruz\u00f3 6 sem\u00e1foros en<\/p>\n","protected":false},"author":3,"featured_media":2946,"comment_status":"closed","ping_status":"closed","sticky":false,"template":"","format":"standard","meta":{"_jetpack_memberships_contains_paid_content":false,"footnotes":""},"categories":[5,1],"tags":[],"class_list":["post-2943","post","type-post","status-publish","format-standard","has-post-thumbnail","hentry","category-informacion-general","category-portada"],"jetpack_featured_media_url":"https:\/\/i0.wp.com\/cdnoticias.com\/wp-content\/uploads\/2020\/10\/WhatsApp-Image-2020-10-01-at-09.59.38.jpeg?fit=1152%2C864&ssl=1","jetpack_sharing_enabled":true,"_links":{"self":[{"href":"https:\/\/cdnoticias.com\/index.php\/wp-json\/wp\/v2\/posts\/2943","targetHints":{"allow":["GET"]}}],"collection":[{"href":"https:\/\/cdnoticias.com\/index.php\/wp-json\/wp\/v2\/posts"}],"about":[{"href":"https:\/\/cdnoticias.com\/index.php\/wp-json\/wp\/v2\/types\/post"}],"author":[{"embeddable":true,"href":"https:\/\/cdnoticias.com\/index.php\/wp-json\/wp\/v2\/users\/3"}],"replies":[{"embeddable":true,"href":"https:\/\/cdnoticias.com\/index.php\/wp-json\/wp\/v2\/comments?post=2943"}],"version-history":[{"count":0,"href":"https:\/\/cdnoticias.com\/index.php\/wp-json\/wp\/v2\/posts\/2943\/revisions"}],"wp:featuredmedia":[{"embeddable":true,"href":"https:\/\/cdnoticias.com\/index.php\/wp-json\/wp\/v2\/media\/2946"}],"wp:attachment":[{"href":"https:\/\/cdnoticias.com\/index.php\/wp-json\/wp\/v2\/media?parent=2943"}],"wp:term":[{"taxonomy":"category","embeddable":true,"href":"https:\/\/cdnoticias.com\/index.php\/wp-json\/wp\/v2\/categories?post=2943"},{"taxonomy":"post_tag","embeddable":true,"href":"https:\/\/cdnoticias.com\/index.php\/wp-json\/wp\/v2\/tags?post=2943"}],"curies":[{"name":"wp","href":"https:\/\/api.w.org\/{rel}","templated":true}]}}