{"id":29427,"date":"2021-08-12T18:43:32","date_gmt":"2021-08-12T21:43:32","guid":{"rendered":"http:\/\/www.centraldenoticias.com.ar\/?p=29427"},"modified":"2021-08-12T18:43:32","modified_gmt":"2021-08-12T21:43:32","slug":"diego-santilli-no-se-aguanta-otro-aumento-de-impuestos","status":"publish","type":"post","link":"https:\/\/cdnoticias.com\/index.php\/2021\/08\/12\/diego-santilli-no-se-aguanta-otro-aumento-de-impuestos\/","title":{"rendered":"Diego Santilli: \u201cNo se aguanta otro aumento de impuestos\u201d"},"content":{"rendered":"<p>El precandidato a diputado nacional por el frente Juntos se manifest\u00f3 en contra de una mayor presi\u00f3n tributaria y se\u00f1al\u00f3 que es necesario tomar medidas para que las pymes puedan generar m\u00e1s puestos de trabajo<!--more--><\/p>\n<hr \/>\n<p>El precandidato a diputado nacional bonaerense por el frente Juntos, Diego Santilli, le respondi\u00f3 a Victoria Tolosa Paz, quien propuso una mayor presi\u00f3n tributaria a empresas. <strong>\u201cLas pymes no aguantan un impuesto m\u00e1s\u201d<\/strong>, asegur\u00f3.<\/p>\n<p>&nbsp;<\/p>\n<p>\u201c<strong>En el a\u00f1o y medio que va de gesti\u00f3n subieron 16 impuestos y crearon 3 nuevos<\/strong>. No se aguanta ni un aumento m\u00e1s de impuestos, las pymes no aguantan m\u00e1s. Hablen con los comerciantes, que son los que generan laburo: toman 6 o 7 de cada 10 empleados dependiendo del municipio\u201d, se\u00f1al\u00f3 Santilli en di\u00e1logo con Eduardo Feinmann por La Naci\u00f3n +.<\/p>\n<p>&nbsp;<\/p>\n<p>El precandidato a diputado nacional explic\u00f3 que la fuerte carga impositiva en la Argentina atenta contra la necesidad de generar trabajo privado. De esta manera, seg\u00fan su testimonio, se le impide al trabajador \u201cconstruir un futuro mejor y llegar a fin de mes\u201d. \u00a0<strong>\u201cHay que bajar impuestos\u201d, asegur\u00f3.<\/strong><\/p>\n<p>&nbsp;<\/p>\n<p>Asimismo, Santilli critic\u00f3 al gobierno nacional por el manejo de la pandemia en materia educativa y econ\u00f3mica:<strong> \u201cCreo que no hay Gobierno. \u00bfSab\u00e9s que significa esto? Significa que ten\u00e9s que escuchar a los pap\u00e1s, a las mam\u00e1s y a los chicos que estuvieron un a\u00f1o y medio sin clases. No hay Gobierno cuando no resolv\u00e9s esa situaci\u00f3n, con los protocolos, los cuidados y todo lo que ten\u00e9s que hacer. No hay Gobierno cuando no escuch\u00e1s al comerciante<\/strong>, que te dice: \u2018Quiero laburar, no me pongas restricciones, conciliemos de qu\u00e9 manera puedo trabajar porque tengo llevar el pan a mi casa y pagarle el sueldo a la gente\u2019\u201d. \u201cNo hay Gobierno cuando los narcos avanzan y no pasa nada. Ah\u00ed est\u00e1 la discusi\u00f3n\u201d, concluy\u00f3.<\/p>\n","protected":false},"excerpt":{"rendered":"<p>El precandidato a diputado nacional por el frente Juntos se manifest\u00f3 en contra de una mayor presi\u00f3n tributaria y se\u00f1al\u00f3<\/p>\n","protected":false},"author":3,"featured_media":29428,"comment_status":"closed","ping_status":"closed","sticky":false,"template":"","format":"standard","meta":{"_jetpack_memberships_contains_paid_content":false,"footnotes":""},"categories":[6],"tags":[],"class_list":["post-29427","post","type-post","status-publish","format-standard","has-post-thumbnail","hentry","category-nacionales"],"jetpack_featured_media_url":"https:\/\/i0.wp.com\/cdnoticias.com\/wp-content\/uploads\/2021\/08\/WhatsApp-Image-2021-08-12-at-18.09.42.jpeg?fit=1280%2C854&ssl=1","jetpack_sharing_enabled":true,"_links":{"self":[{"href":"https:\/\/cdnoticias.com\/index.php\/wp-json\/wp\/v2\/posts\/29427","targetHints":{"allow":["GET"]}}],"collection":[{"href":"https:\/\/cdnoticias.com\/index.php\/wp-json\/wp\/v2\/posts"}],"about":[{"href":"https:\/\/cdnoticias.com\/index.php\/wp-json\/wp\/v2\/types\/post"}],"author":[{"embeddable":true,"href":"https:\/\/cdnoticias.com\/index.php\/wp-json\/wp\/v2\/users\/3"}],"replies":[{"embeddable":true,"href":"https:\/\/cdnoticias.com\/index.php\/wp-json\/wp\/v2\/comments?post=29427"}],"version-history":[{"count":0,"href":"https:\/\/cdnoticias.com\/index.php\/wp-json\/wp\/v2\/posts\/29427\/revisions"}],"wp:featuredmedia":[{"embeddable":true,"href":"https:\/\/cdnoticias.com\/index.php\/wp-json\/wp\/v2\/media\/29428"}],"wp:attachment":[{"href":"https:\/\/cdnoticias.com\/index.php\/wp-json\/wp\/v2\/media?parent=29427"}],"wp:term":[{"taxonomy":"category","embeddable":true,"href":"https:\/\/cdnoticias.com\/index.php\/wp-json\/wp\/v2\/categories?post=29427"},{"taxonomy":"post_tag","embeddable":true,"href":"https:\/\/cdnoticias.com\/index.php\/wp-json\/wp\/v2\/tags?post=29427"}],"curies":[{"name":"wp","href":"https:\/\/api.w.org\/{rel}","templated":true}]}}