{"id":29422,"date":"2021-08-15T08:59:42","date_gmt":"2021-08-15T11:59:42","guid":{"rendered":"http:\/\/www.centraldenoticias.com.ar\/?p=29422"},"modified":"2021-08-15T10:16:41","modified_gmt":"2021-08-15T13:16:41","slug":"investigadora-local-realiza-una-estadia-postdoctoral-en-yacimientos-de-espana","status":"publish","type":"post","link":"https:\/\/cdnoticias.com\/index.php\/2021\/08\/15\/investigadora-local-realiza-una-estadia-postdoctoral-en-yacimientos-de-espana\/","title":{"rendered":"Investigadora local realiza una estad\u00eda postdoctoral en yacimientos de Espa\u00f1a"},"content":{"rendered":"<p>La Dra. Mar\u00eda Eugenia Conforti est\u00e1 radicada en la ciudad de Burgos, desde donde lleva adelante una investigaci\u00f3n sobre el rol de la comunicaci\u00f3n p\u00fablica en la gesti\u00f3n de los Yacimientos Arqueol\u00f3gicos de Atapuerca en Espa\u00f1a.<!--more--><\/p>\n<hr \/>\n<p>La investigadora y docente de la Facultad de Ciencias Sociales y la Unidad Ejecutora INCUAPA-CONICET, Dra. Mar\u00eda Eugenia Conforti, se encuentra radicada desde julio en la localidad de Burgos, Espa\u00f1a, con el objetivo de <strong>estudiar el rol de la comunicaci\u00f3n cient\u00edfica en la puesta en valor del patrimonio arqueol\u00f3gico, y m\u00e1s espec\u00edficamente sobre los Yacimientos de Atapuerca<\/strong>, en el marco de una beca externa postdoctoral para j\u00f3venes investigadores del CONICET.<\/p>\n<p>&nbsp;<\/p>\n<p>El objetivo de la investigaci\u00f3n es analizar las percepciones que los diferentes agentes vinculados a la investigaci\u00f3n, administraci\u00f3n y comunicaci\u00f3n de los Yacimientos Arqueol\u00f3gicos de Atapuerca poseen respecto de los mecanismos de comunicaci\u00f3n p\u00fablica de la ciencia llevados adelante hist\u00f3ricamente sobre este sitio patrimonial, que en el a\u00f1o 2000 fue declarado <strong>Patrimonio de la Humanidad por la UNESCO.<\/strong><\/p>\n<p>&nbsp;<\/p>\n<p><strong>Desde el a\u00f1o 2014, Conforti trabaja de manera sostenida en la investigaci\u00f3n de los yacimientos de las sierras de Atapuerca<\/strong> junto al equipo de Prehistoria de la Universidad de Burgos, Espa\u00f1a y del Programa PATRIMONIA dependiente del Instituto de Investigaciones del Cuaternario Pampeano (INCUAPA \u2013 CONICET) con sede en la Facultad de Ciencias Sociales de la UNICEN.<\/p>\n<p>&nbsp;<\/p>\n<p>Ese a\u00f1o realiz\u00f3 una primera estancia postdoctoral en Burgos donde trabaj\u00f3 en torno a la comunicaci\u00f3n p\u00fablica de Atapuerca pero centrada en las comunidades locales y en los diferentes p\u00fablicos. <em>\u201cEn ese momento hice una investigaci\u00f3n vinculada con las comunidades aleda\u00f1as a los yacimientos y c\u00f3mo fue el impacto de la patrimonializaci\u00f3n a escala internacional con la declaraci\u00f3n de la UNESCO, en el uso y en la significaci\u00f3n que ten\u00edan estos yacimientos para los pobladores locales, se trata de localidades muy peque\u00f1as\u201d<\/em>, explic\u00f3 la Dra. Conforti.<\/p>\n<p>&nbsp;<\/p>\n<p><img data-recalc-dims=\"1\" loading=\"lazy\" decoding=\"async\" class=\"alignnone size-full wp-image-29424\" src=\"https:\/\/i0.wp.com\/cdnoticias.com\/wp-content\/uploads\/2021\/08\/conforti1.jpg?resize=800%2C531&#038;ssl=1\" alt=\"\" width=\"800\" height=\"531\" srcset=\"https:\/\/i0.wp.com\/cdnoticias.com\/wp-content\/uploads\/2021\/08\/conforti1.jpg?w=1500&amp;ssl=1 1500w, https:\/\/i0.wp.com\/cdnoticias.com\/wp-content\/uploads\/2021\/08\/conforti1.jpg?resize=300%2C199&amp;ssl=1 300w, https:\/\/i0.wp.com\/cdnoticias.com\/wp-content\/uploads\/2021\/08\/conforti1.jpg?resize=768%2C510&amp;ssl=1 768w, https:\/\/i0.wp.com\/cdnoticias.com\/wp-content\/uploads\/2021\/08\/conforti1.jpg?resize=1024%2C680&amp;ssl=1 1024w, https:\/\/i0.wp.com\/cdnoticias.com\/wp-content\/uploads\/2021\/08\/conforti1.jpg?resize=272%2C182&amp;ssl=1 272w\" sizes=\"auto, (max-width: 800px) 100vw, 800px\" \/><\/p>\n<p>&nbsp;<\/p>\n<p>En tanto, <strong>en la estad\u00eda de cinco meses que se extiende hasta noviembre pr\u00f3ximo<\/strong> el objetivo es estudiar <em>\u201cla vinculaci\u00f3n de la comunicaci\u00f3n p\u00fablica y el patrimonio desde adentro, desde donde se construye todo ese relato que circula socialmente y que tiene una visibilidad muy fuerte tanto a escala local, nacional e internacional\u201d.<\/em><\/p>\n<p>&nbsp;<\/p>\n<p>Durante el primer mes de estad\u00eda particip\u00f3 de forma activa de las excavaciones que se realizaron en 10 yacimientos arqueol\u00f3gicos abiertos este a\u00f1o que se encuentran en las sierras de Atapuerca, periodo en el que adem\u00e1s el sitio cobra gran protagonismo porque aumenta la cantidad de visitas de turistas y convoca a medios de comunicaci\u00f3n de Espa\u00f1a e internacionales, para realizar su cobertura expectantes de sus hallazgos.<\/p>\n<p>&nbsp;<\/p>\n<blockquote><p>\u201cLa permanencia en el campo a lo largo de los d\u00edas me permiti\u00f3 adem\u00e1s observar los v\u00ednculos que se establecen entre los investigadores y los distintos tipos de p\u00fablicos que circulan por los yacimientos en per\u00edodo de campa\u00f1a de excavaci\u00f3n\u201d, explic\u00f3.<\/p><\/blockquote>\n<p>&nbsp;<\/p>\n<p>Se incluye adem\u00e1s en el estudio de la investigadora olavarriense el an\u00e1lisis sobre lo que ha significado la situaci\u00f3n de <strong>pandemia global por el COVID-19 y las implicancias en los procesos de gesti\u00f3n y comunicaci\u00f3n en los yacimientos.<\/strong><\/p>\n<p>&nbsp;<\/p>\n<p><img data-recalc-dims=\"1\" loading=\"lazy\" decoding=\"async\" class=\"alignnone size-full wp-image-29425\" src=\"https:\/\/i0.wp.com\/cdnoticias.com\/wp-content\/uploads\/2021\/08\/conforti2.jpeg?resize=800%2C558&#038;ssl=1\" alt=\"\" width=\"800\" height=\"558\" srcset=\"https:\/\/i0.wp.com\/cdnoticias.com\/wp-content\/uploads\/2021\/08\/conforti2.jpeg?w=1076&amp;ssl=1 1076w, https:\/\/i0.wp.com\/cdnoticias.com\/wp-content\/uploads\/2021\/08\/conforti2.jpeg?resize=300%2C209&amp;ssl=1 300w, https:\/\/i0.wp.com\/cdnoticias.com\/wp-content\/uploads\/2021\/08\/conforti2.jpeg?resize=768%2C536&amp;ssl=1 768w, https:\/\/i0.wp.com\/cdnoticias.com\/wp-content\/uploads\/2021\/08\/conforti2.jpeg?resize=1024%2C715&amp;ssl=1 1024w, https:\/\/i0.wp.com\/cdnoticias.com\/wp-content\/uploads\/2021\/08\/conforti2.jpeg?resize=130%2C90&amp;ssl=1 130w\" sizes=\"auto, (max-width: 800px) 100vw, 800px\" \/><\/p>\n<p>&nbsp;<\/p>\n<p><strong>El sistema de comunicaci\u00f3n<\/strong><\/p>\n<p>&nbsp;<\/p>\n<p>La Dra. Conforti reflexion\u00f3 sobre el sistema de comunicaci\u00f3n de Atapuerca, acerca de lo que consider\u00f3 que se trata de \u201c<strong><em>una comunicaci\u00f3n que est\u00e1 muy planificada, que est\u00e1 organizada institucionalmente, donde todo est\u00e1 cuidadosamente dise\u00f1ado en funci\u00f3n de los objetivos p\u00fablicos del proyecto\u201d.<\/em><\/strong><\/p>\n<p>&nbsp;<\/p>\n<p>La investigadora de la FACSO explic\u00f3 que <strong><em>\u201cla comunicaci\u00f3n p\u00fablica de la ciencia es uno de los pilares que sostiene el sistema de Atapuerca\u201d<\/em> <\/strong>y en ese marco otro de los objetivos de su estad\u00eda es interactuar con los gestores que dise\u00f1aron el sistema y lo llevan adelante en las administraciones de cada una de las organizaciones que forman parte del SACE directa o indirectamente, con el fin de estudiar cu\u00e1les han sido sus representaciones o significaciones en la construcci\u00f3n de este modelo de gesti\u00f3n, iniciado a fines de la d\u00e9cada del \u201880, en el que, de acuerdo a su estudio, la comunicaci\u00f3n p\u00fablica de la ciencia es uno de los pilares fundamentales.<\/p>\n<p>&nbsp;<\/p>\n<p>En este marco, la Dra. Conforti analiz\u00f3 que<em> \u201cno es tan com\u00fan encontrar otras experiencias de gesti\u00f3n del patrimonio arqueol\u00f3gico con tanta impronta en la gesti\u00f3n de la comunicaci\u00f3n. No es lo mismo pensar la comunicaci\u00f3n como una dimensi\u00f3n m\u00e1s que se maneja espont\u00e1neamente, a pensarla en su complejidad a trav\u00e9s de todo un sistema de gesti\u00f3n de la comunicaci\u00f3n que articula al menos diez organizaciones base a diferente escala local, regional y nacional\u201d.<\/em><\/p>\n<p>&nbsp;<\/p>\n","protected":false},"excerpt":{"rendered":"<p>La Dra. Mar\u00eda Eugenia Conforti est\u00e1 radicada en la ciudad de Burgos, desde donde lleva adelante una investigaci\u00f3n sobre el<\/p>\n","protected":false},"author":5,"featured_media":29423,"comment_status":"closed","ping_status":"closed","sticky":false,"template":"","format":"standard","meta":{"_jetpack_memberships_contains_paid_content":false,"footnotes":""},"categories":[5,1],"tags":[],"class_list":["post-29422","post","type-post","status-publish","format-standard","has-post-thumbnail","hentry","category-informacion-general","category-portada"],"jetpack_featured_media_url":"https:\/\/i0.wp.com\/cdnoticias.com\/wp-content\/uploads\/2021\/08\/conforti.jpeg?fit=1078%2C1078&ssl=1","jetpack_sharing_enabled":true,"_links":{"self":[{"href":"https:\/\/cdnoticias.com\/index.php\/wp-json\/wp\/v2\/posts\/29422","targetHints":{"allow":["GET"]}}],"collection":[{"href":"https:\/\/cdnoticias.com\/index.php\/wp-json\/wp\/v2\/posts"}],"about":[{"href":"https:\/\/cdnoticias.com\/index.php\/wp-json\/wp\/v2\/types\/post"}],"author":[{"embeddable":true,"href":"https:\/\/cdnoticias.com\/index.php\/wp-json\/wp\/v2\/users\/5"}],"replies":[{"embeddable":true,"href":"https:\/\/cdnoticias.com\/index.php\/wp-json\/wp\/v2\/comments?post=29422"}],"version-history":[{"count":0,"href":"https:\/\/cdnoticias.com\/index.php\/wp-json\/wp\/v2\/posts\/29422\/revisions"}],"wp:featuredmedia":[{"embeddable":true,"href":"https:\/\/cdnoticias.com\/index.php\/wp-json\/wp\/v2\/media\/29423"}],"wp:attachment":[{"href":"https:\/\/cdnoticias.com\/index.php\/wp-json\/wp\/v2\/media?parent=29422"}],"wp:term":[{"taxonomy":"category","embeddable":true,"href":"https:\/\/cdnoticias.com\/index.php\/wp-json\/wp\/v2\/categories?post=29422"},{"taxonomy":"post_tag","embeddable":true,"href":"https:\/\/cdnoticias.com\/index.php\/wp-json\/wp\/v2\/tags?post=29422"}],"curies":[{"name":"wp","href":"https:\/\/api.w.org\/{rel}","templated":true}]}}