{"id":29420,"date":"2021-08-12T17:51:26","date_gmt":"2021-08-12T20:51:26","guid":{"rendered":"http:\/\/www.centraldenoticias.com.ar\/?p=29420"},"modified":"2021-08-12T17:51:26","modified_gmt":"2021-08-12T20:51:26","slug":"lidia-haydee-bustamante-viuda-de-sosa-q-e-p-d","status":"publish","type":"post","link":"https:\/\/cdnoticias.com\/index.php\/2021\/08\/12\/lidia-haydee-bustamante-viuda-de-sosa-q-e-p-d\/","title":{"rendered":"Lidia Haydee Bustamante viuda de Sosa (Q.E.P.D)"},"content":{"rendered":"<p>Falleci\u00f3 en Olavarr\u00eda el d\u00eda 12 de Agosto de 2021 a los 80 a\u00f1os de edad. Sus hijos Lina Amelia, Julio Roberto, Cristina De Los \u00c1ngeles y Mar\u00eda Isabel, sus nietos, sus bisnietos y dem\u00e1s deudos participan de su fallecimiento.<\/p>\n<p>Velatorio:\u00a0Espa\u00f1a 2942, Departamento &#8220;B&#8221; comienza 08:30. Responso: Capilla ardiente. Inhumaci\u00f3n:\u00a0Cementerio Loma De Paz, viernes 13 de agosto a las 10:30. Servicio Adherido a Coopelectric.<\/p>\n<p>Barrio en el que viv\u00eda: UOCRA<\/p>\n<p>Lugar de nacimiento: Coronel Pringles<\/p>\n<p>Actividad que desarrollaba: Jubilada<\/p>\n","protected":false},"excerpt":{"rendered":"<p>Falleci\u00f3 en Olavarr\u00eda el d\u00eda 12 de Agosto de 2021 a los 80 a\u00f1os de edad. Sus hijos Lina Amelia,<\/p>\n","protected":false},"author":6,"featured_media":0,"comment_status":"closed","ping_status":"closed","sticky":false,"template":"","format":"standard","meta":{"_jetpack_memberships_contains_paid_content":false,"footnotes":""},"categories":[10],"tags":[],"class_list":["post-29420","post","type-post","status-publish","format-standard","hentry","category-necrologicas"],"jetpack_featured_media_url":"","jetpack_sharing_enabled":true,"_links":{"self":[{"href":"https:\/\/cdnoticias.com\/index.php\/wp-json\/wp\/v2\/posts\/29420","targetHints":{"allow":["GET"]}}],"collection":[{"href":"https:\/\/cdnoticias.com\/index.php\/wp-json\/wp\/v2\/posts"}],"about":[{"href":"https:\/\/cdnoticias.com\/index.php\/wp-json\/wp\/v2\/types\/post"}],"author":[{"embeddable":true,"href":"https:\/\/cdnoticias.com\/index.php\/wp-json\/wp\/v2\/users\/6"}],"replies":[{"embeddable":true,"href":"https:\/\/cdnoticias.com\/index.php\/wp-json\/wp\/v2\/comments?post=29420"}],"version-history":[{"count":0,"href":"https:\/\/cdnoticias.com\/index.php\/wp-json\/wp\/v2\/posts\/29420\/revisions"}],"wp:attachment":[{"href":"https:\/\/cdnoticias.com\/index.php\/wp-json\/wp\/v2\/media?parent=29420"}],"wp:term":[{"taxonomy":"category","embeddable":true,"href":"https:\/\/cdnoticias.com\/index.php\/wp-json\/wp\/v2\/categories?post=29420"},{"taxonomy":"post_tag","embeddable":true,"href":"https:\/\/cdnoticias.com\/index.php\/wp-json\/wp\/v2\/tags?post=29420"}],"curies":[{"name":"wp","href":"https:\/\/api.w.org\/{rel}","templated":true}]}}