{"id":29408,"date":"2021-08-12T17:43:20","date_gmt":"2021-08-12T20:43:20","guid":{"rendered":"http:\/\/www.centraldenoticias.com.ar\/?p=29408"},"modified":"2021-08-12T17:43:20","modified_gmt":"2021-08-12T20:43:20","slug":"video-un-auto-cayo-de-un-puente-en-azul","status":"publish","type":"post","link":"https:\/\/cdnoticias.com\/index.php\/2021\/08\/12\/video-un-auto-cayo-de-un-puente-en-azul\/","title":{"rendered":"Video: Un auto cay\u00f3 de un puente en Azul"},"content":{"rendered":"<p>Sucedi\u00f3 en la madrugada de este jueves y de milagro los ocupantes no sufrieron heridas de gravedad.<!--more--><\/p>\n<hr \/>\n<p>En el inicio de la madrugada de este jueves un violento siniestro vial tuvo como escenario el puente de avenida Mitre de Azul, donde un conductor perdi\u00f3 el control del veh\u00edculo y cay\u00f3 al arroyo. <strong>De milagro ninguno de los dos ocupantes del rodado sufri\u00f3 heridas de gravedad.<\/strong><\/p>\n<p>&nbsp;<\/p>\n<div class=\"jetpack-video-wrapper\"><iframe loading=\"lazy\" width=\"800\" height=\"600\" src=\"https:\/\/www.youtube.com\/embed\/E91sgOYVuBI?feature=oembed\" frameborder=\"0\" allow=\"accelerometer; autoplay; clipboard-write; encrypted-media; gyroscope; picture-in-picture\" allowfullscreen><\/iframe><\/div>\n<p>&nbsp;<\/p>\n<p>El caso sucedi\u00f3 minutos despu\u00e9s de las 2 y el rodado era guiado por un hombre de 33 a\u00f1os, acompa\u00f1ado por un joven de 19. Ambos, no obstante, <strong>fueron trasladados por precauci\u00f3n al Hospital Municipal, donde se corrobor\u00f3 que solo presentaban golpes y escoriaciones de menor car\u00e1cter. \u00a0<\/strong><\/p>\n<p>&nbsp;<\/p>\n<p><strong>Se iniciaron actuaciones por \u201clesiones culposas\u201d<\/strong> y se realizan labores preventivas en el lugar debido a los da\u00f1os sobre la baranda y sector de contenci\u00f3n del lugar.<\/p>\n<p>&nbsp;<\/p>\n<p><em>Fuente y video Noticias de Azul<\/em><\/p>\n","protected":false},"excerpt":{"rendered":"<p>Sucedi\u00f3 en la madrugada de este jueves y de milagro los ocupantes no sufrieron heridas de gravedad.<\/p>\n","protected":false},"author":4,"featured_media":29409,"comment_status":"closed","ping_status":"closed","sticky":false,"template":"","format":"standard","meta":{"_jetpack_memberships_contains_paid_content":false,"footnotes":""},"categories":[6,1],"tags":[],"class_list":["post-29408","post","type-post","status-publish","format-standard","has-post-thumbnail","hentry","category-nacionales","category-portada"],"jetpack_featured_media_url":"https:\/\/i0.wp.com\/cdnoticias.com\/wp-content\/uploads\/2021\/08\/puente-azul.jpg?fit=800%2C445&ssl=1","jetpack_sharing_enabled":true,"_links":{"self":[{"href":"https:\/\/cdnoticias.com\/index.php\/wp-json\/wp\/v2\/posts\/29408","targetHints":{"allow":["GET"]}}],"collection":[{"href":"https:\/\/cdnoticias.com\/index.php\/wp-json\/wp\/v2\/posts"}],"about":[{"href":"https:\/\/cdnoticias.com\/index.php\/wp-json\/wp\/v2\/types\/post"}],"author":[{"embeddable":true,"href":"https:\/\/cdnoticias.com\/index.php\/wp-json\/wp\/v2\/users\/4"}],"replies":[{"embeddable":true,"href":"https:\/\/cdnoticias.com\/index.php\/wp-json\/wp\/v2\/comments?post=29408"}],"version-history":[{"count":0,"href":"https:\/\/cdnoticias.com\/index.php\/wp-json\/wp\/v2\/posts\/29408\/revisions"}],"wp:featuredmedia":[{"embeddable":true,"href":"https:\/\/cdnoticias.com\/index.php\/wp-json\/wp\/v2\/media\/29409"}],"wp:attachment":[{"href":"https:\/\/cdnoticias.com\/index.php\/wp-json\/wp\/v2\/media?parent=29408"}],"wp:term":[{"taxonomy":"category","embeddable":true,"href":"https:\/\/cdnoticias.com\/index.php\/wp-json\/wp\/v2\/categories?post=29408"},{"taxonomy":"post_tag","embeddable":true,"href":"https:\/\/cdnoticias.com\/index.php\/wp-json\/wp\/v2\/tags?post=29408"}],"curies":[{"name":"wp","href":"https:\/\/api.w.org\/{rel}","templated":true}]}}