{"id":29403,"date":"2021-08-12T16:31:35","date_gmt":"2021-08-12T19:31:35","guid":{"rendered":"http:\/\/www.centraldenoticias.com.ar\/?p=29403"},"modified":"2021-08-12T16:31:35","modified_gmt":"2021-08-12T19:31:35","slug":"el-presidente-estara-este-viernes-en-olavarria","status":"publish","type":"post","link":"https:\/\/cdnoticias.com\/index.php\/2021\/08\/12\/el-presidente-estara-este-viernes-en-olavarria\/","title":{"rendered":"\u00bfEl Presidente estar\u00e1 este viernes en Olavarr\u00eda?"},"content":{"rendered":"<p>La visita hab\u00eda sido confirmada durante la jornada del mi\u00e9rcoles. Sin embargo, se conoci\u00f3 que el viernes mantendr\u00e1 un encuentro al mediod\u00eda con su par de Uruguay, Luis Lacalle Po.<!--more--><\/p>\n<hr \/>\n<p>El presidente <strong>Alberto Fern\u00e1ndez se reunir\u00e1 este viernes en Buenos Aires con su par de Uruguay, Luis Lacalle Pou,<\/strong> con quien analizar\u00e1 temas vinculados con la relaci\u00f3n bilateral y con el Mercosur, informaron hoy fuentes oficiales.<\/p>\n<p>&nbsp;<\/p>\n<p>Fern\u00e1ndez y Lacalle Pou, <strong>compartir\u00e1n un almuerzo<\/strong> <strong>en la residencia de Olivos<\/strong> del que participar\u00e1n adem\u00e1s los cancilleres de ambos pa\u00edses, Felipe Sol\u00e1 y Francisco Bustillo.<\/p>\n<p>&nbsp;<\/p>\n<p>Esta noticia <strong>puso en duda la llegada de Fern\u00e1ndez a Olavarr\u00eda,<\/strong> visita que hab\u00eda sido confirmada el mi\u00e9rcoles y que anunciaba su llegada por primera vez como Presidente. Recordemos que la \u00faltima visita se dio en el marco de la campa\u00f1a electoral, en octubre de 2019.<\/p>\n<p>&nbsp;<\/p>\n<p>Por el momento, <strong>no se ha brindado informaci\u00f3n oficial respecto a su llegada o no a la ciudad.\u00a0<\/strong><\/p>\n<p>&nbsp;<\/p>\n<p>Foto: T\u00e9lam<\/p>\n","protected":false},"excerpt":{"rendered":"<p>La visita hab\u00eda sido confirmada durante la jornada del mi\u00e9rcoles. Sin embargo, se conoci\u00f3 que el viernes mantendr\u00e1 un encuentro<\/p>\n","protected":false},"author":5,"featured_media":29404,"comment_status":"closed","ping_status":"closed","sticky":false,"template":"","format":"standard","meta":{"_jetpack_memberships_contains_paid_content":false,"footnotes":""},"categories":[4,1],"tags":[],"class_list":["post-29403","post","type-post","status-publish","format-standard","has-post-thumbnail","hentry","category-politica","category-portada"],"jetpack_featured_media_url":"https:\/\/i0.wp.com\/cdnoticias.com\/wp-content\/uploads\/2021\/08\/5fb6cf15ec5df_1004x565.jpg?fit=1004%2C565&ssl=1","jetpack_sharing_enabled":true,"_links":{"self":[{"href":"https:\/\/cdnoticias.com\/index.php\/wp-json\/wp\/v2\/posts\/29403","targetHints":{"allow":["GET"]}}],"collection":[{"href":"https:\/\/cdnoticias.com\/index.php\/wp-json\/wp\/v2\/posts"}],"about":[{"href":"https:\/\/cdnoticias.com\/index.php\/wp-json\/wp\/v2\/types\/post"}],"author":[{"embeddable":true,"href":"https:\/\/cdnoticias.com\/index.php\/wp-json\/wp\/v2\/users\/5"}],"replies":[{"embeddable":true,"href":"https:\/\/cdnoticias.com\/index.php\/wp-json\/wp\/v2\/comments?post=29403"}],"version-history":[{"count":0,"href":"https:\/\/cdnoticias.com\/index.php\/wp-json\/wp\/v2\/posts\/29403\/revisions"}],"wp:featuredmedia":[{"embeddable":true,"href":"https:\/\/cdnoticias.com\/index.php\/wp-json\/wp\/v2\/media\/29404"}],"wp:attachment":[{"href":"https:\/\/cdnoticias.com\/index.php\/wp-json\/wp\/v2\/media?parent=29403"}],"wp:term":[{"taxonomy":"category","embeddable":true,"href":"https:\/\/cdnoticias.com\/index.php\/wp-json\/wp\/v2\/categories?post=29403"},{"taxonomy":"post_tag","embeddable":true,"href":"https:\/\/cdnoticias.com\/index.php\/wp-json\/wp\/v2\/tags?post=29403"}],"curies":[{"name":"wp","href":"https:\/\/api.w.org\/{rel}","templated":true}]}}