{"id":29396,"date":"2021-08-12T15:58:52","date_gmt":"2021-08-12T18:58:52","guid":{"rendered":"http:\/\/www.centraldenoticias.com.ar\/?p=29396"},"modified":"2021-08-12T15:58:52","modified_gmt":"2021-08-12T18:58:52","slug":"catalina-krohn-viuda-de-bayer-cata-q-e-p-d","status":"publish","type":"post","link":"https:\/\/cdnoticias.com\/index.php\/2021\/08\/12\/catalina-krohn-viuda-de-bayer-cata-q-e-p-d\/","title":{"rendered":"Catalina Krohn viuda de Bayer &#8220;Cata&#8221; (Q.E.P.D)"},"content":{"rendered":"<p>Falleci\u00f3 en Olavarr\u00eda el d\u00eda 12 de Agosto de 2021 a los 95 a\u00f1os de edad. Sus hijas Delia, Graciela y Marta, sus nietos, bisnietos, su hijo pol\u00edtico H\u00e9ctor L\u00f3pez Osornio, su hija pol\u00edtica Viviana Andrade y dem\u00e1s deudos participan de su<br \/>\nfallecimiento.<\/p>\n<p>Velatorio:\u00a0Espa\u00f1a 2942, Departamento &#8220;D&#8221;, d\u00eda 13 de agosto de\u00a008:30 a 10:30. Responso:\u00a0Capilla ardiente. Inhumaci\u00f3n:\u00a0Crematorio Pinos De Paz, d\u00eda y hora a confirmar. Servicio adherido a Coopelectric.<\/p>\n<p>Barrio en el que viv\u00eda: Villa Floresta<\/p>\n<p>Lugar de nacimiento: Arboledas<\/p>\n<p>Actividad que desarrollaba: Jubilada<span style=\"color: #888888;\"><br \/>\n<\/span><\/p>\n","protected":false},"excerpt":{"rendered":"<p>Falleci\u00f3 en Olavarr\u00eda el d\u00eda 12 de Agosto de 2021 a los 95 a\u00f1os de edad. Sus hijas Delia, Graciela<\/p>\n","protected":false},"author":6,"featured_media":0,"comment_status":"closed","ping_status":"closed","sticky":false,"template":"","format":"standard","meta":{"_jetpack_memberships_contains_paid_content":false,"footnotes":""},"categories":[10],"tags":[],"class_list":["post-29396","post","type-post","status-publish","format-standard","hentry","category-necrologicas"],"jetpack_featured_media_url":"","jetpack_sharing_enabled":true,"_links":{"self":[{"href":"https:\/\/cdnoticias.com\/index.php\/wp-json\/wp\/v2\/posts\/29396","targetHints":{"allow":["GET"]}}],"collection":[{"href":"https:\/\/cdnoticias.com\/index.php\/wp-json\/wp\/v2\/posts"}],"about":[{"href":"https:\/\/cdnoticias.com\/index.php\/wp-json\/wp\/v2\/types\/post"}],"author":[{"embeddable":true,"href":"https:\/\/cdnoticias.com\/index.php\/wp-json\/wp\/v2\/users\/6"}],"replies":[{"embeddable":true,"href":"https:\/\/cdnoticias.com\/index.php\/wp-json\/wp\/v2\/comments?post=29396"}],"version-history":[{"count":0,"href":"https:\/\/cdnoticias.com\/index.php\/wp-json\/wp\/v2\/posts\/29396\/revisions"}],"wp:attachment":[{"href":"https:\/\/cdnoticias.com\/index.php\/wp-json\/wp\/v2\/media?parent=29396"}],"wp:term":[{"taxonomy":"category","embeddable":true,"href":"https:\/\/cdnoticias.com\/index.php\/wp-json\/wp\/v2\/categories?post=29396"},{"taxonomy":"post_tag","embeddable":true,"href":"https:\/\/cdnoticias.com\/index.php\/wp-json\/wp\/v2\/tags?post=29396"}],"curies":[{"name":"wp","href":"https:\/\/api.w.org\/{rel}","templated":true}]}}