{"id":29391,"date":"2021-08-12T16:02:32","date_gmt":"2021-08-12T19:02:32","guid":{"rendered":"http:\/\/www.centraldenoticias.com.ar\/?p=29391"},"modified":"2021-08-12T16:02:32","modified_gmt":"2021-08-12T19:02:32","slug":"azul-capturaron-a-dos-jovenes-con-mas-de-60-pastillas-de-lsd","status":"publish","type":"post","link":"https:\/\/cdnoticias.com\/index.php\/2021\/08\/12\/azul-capturaron-a-dos-jovenes-con-mas-de-60-pastillas-de-lsd\/","title":{"rendered":"Azul: Capturaron a dos j\u00f3venes con m\u00e1s de 60 pastillas de LSD"},"content":{"rendered":"<p>Tienen 20 y 26 a\u00f1os y se encuentran a disposici\u00f3n del fiscal olavarriense Lucas Moyano. Tambi\u00e9n se les hall\u00f3 una peque\u00f1a dosis de marihuana.<!--more--><\/p>\n<hr \/>\n<p>En las \u00faltimas horas personal de la comisar\u00eda Primera de Azul llev\u00f3 adelante en la ciudad vecina la<strong> captura de dos j\u00f3venes que ten\u00edan en su poder una importante cantidad de pastillas de LSD<\/strong>, adem\u00e1s de una peque\u00f1a dosis de marihuana.<\/p>\n<p>&nbsp;<\/p>\n<p><img data-recalc-dims=\"1\" loading=\"lazy\" decoding=\"async\" class=\"alignnone size-full wp-image-29393\" src=\"https:\/\/i0.wp.com\/cdnoticias.com\/wp-content\/uploads\/2021\/08\/lsd01.jpg?resize=800%2C445&#038;ssl=1\" alt=\"\" width=\"800\" height=\"445\" srcset=\"https:\/\/i0.wp.com\/cdnoticias.com\/wp-content\/uploads\/2021\/08\/lsd01.jpg?w=800&amp;ssl=1 800w, https:\/\/i0.wp.com\/cdnoticias.com\/wp-content\/uploads\/2021\/08\/lsd01.jpg?resize=300%2C167&amp;ssl=1 300w, https:\/\/i0.wp.com\/cdnoticias.com\/wp-content\/uploads\/2021\/08\/lsd01.jpg?resize=768%2C427&amp;ssl=1 768w\" sizes=\"auto, (max-width: 800px) 100vw, 800px\" \/><\/p>\n<p>&nbsp;<\/p>\n<p>De acuerdo con lo que se logr\u00f3 conocer, una denuncia an\u00f3nima permiti\u00f3 interceptar a los acusados, de 20 y 26 a\u00f1os respectivamente, a quienes<strong> se les sigue ahora una causa por \u201ctenencia de estupefacientes con fines de comercializaci\u00f3n\u201d, investigaci\u00f3n que es encabezada por el fiscal olavarrienses Lucas Moyano, titular de la UFI 22, precisamente la dependencia especializada en drogas il\u00edcitas.<\/strong><\/p>\n<p>&nbsp;<\/p>\n<p><img data-recalc-dims=\"1\" loading=\"lazy\" decoding=\"async\" class=\"alignnone size-large wp-image-29394\" src=\"https:\/\/i0.wp.com\/cdnoticias.com\/wp-content\/uploads\/2021\/08\/WhatsApp-Image-2021-08-12-at-13.08.16.jpeg?resize=800%2C450&#038;ssl=1\" alt=\"\" width=\"800\" height=\"450\" srcset=\"https:\/\/i0.wp.com\/cdnoticias.com\/wp-content\/uploads\/2021\/08\/WhatsApp-Image-2021-08-12-at-13.08.16.jpeg?resize=1024%2C576&amp;ssl=1 1024w, https:\/\/i0.wp.com\/cdnoticias.com\/wp-content\/uploads\/2021\/08\/WhatsApp-Image-2021-08-12-at-13.08.16.jpeg?resize=300%2C169&amp;ssl=1 300w, https:\/\/i0.wp.com\/cdnoticias.com\/wp-content\/uploads\/2021\/08\/WhatsApp-Image-2021-08-12-at-13.08.16.jpeg?resize=768%2C432&amp;ssl=1 768w, https:\/\/i0.wp.com\/cdnoticias.com\/wp-content\/uploads\/2021\/08\/WhatsApp-Image-2021-08-12-at-13.08.16.jpeg?w=1496&amp;ssl=1 1496w\" sizes=\"auto, (max-width: 800px) 100vw, 800px\" \/><\/p>\n<p>&nbsp;<\/p>\n<p>Se trat\u00f3 de <strong>un total de 69 pastillas, adem\u00e1s de algo m\u00e1s de 2 gramos de marihuana que se hallaban en el interior de un envoltorio de nylon<\/strong>. Tambi\u00e9n se incautaron dos tel\u00e9fonos celulares, dinero en efectivo y papelillos OCB y un micro chip.<\/p>\n","protected":false},"excerpt":{"rendered":"<p>Tienen 20 y 26 a\u00f1os y se encuentran a disposici\u00f3n del fiscal olavarriense Lucas Moyano. Tambi\u00e9n se les hall\u00f3 una<\/p>\n","protected":false},"author":4,"featured_media":29392,"comment_status":"closed","ping_status":"closed","sticky":false,"template":"","format":"standard","meta":{"_jetpack_memberships_contains_paid_content":false,"footnotes":""},"categories":[6,1],"tags":[],"class_list":["post-29391","post","type-post","status-publish","format-standard","has-post-thumbnail","hentry","category-nacionales","category-portada"],"jetpack_featured_media_url":"https:\/\/i0.wp.com\/cdnoticias.com\/wp-content\/uploads\/2021\/08\/lsd.jpg?fit=800%2C445&ssl=1","jetpack_sharing_enabled":true,"_links":{"self":[{"href":"https:\/\/cdnoticias.com\/index.php\/wp-json\/wp\/v2\/posts\/29391","targetHints":{"allow":["GET"]}}],"collection":[{"href":"https:\/\/cdnoticias.com\/index.php\/wp-json\/wp\/v2\/posts"}],"about":[{"href":"https:\/\/cdnoticias.com\/index.php\/wp-json\/wp\/v2\/types\/post"}],"author":[{"embeddable":true,"href":"https:\/\/cdnoticias.com\/index.php\/wp-json\/wp\/v2\/users\/4"}],"replies":[{"embeddable":true,"href":"https:\/\/cdnoticias.com\/index.php\/wp-json\/wp\/v2\/comments?post=29391"}],"version-history":[{"count":0,"href":"https:\/\/cdnoticias.com\/index.php\/wp-json\/wp\/v2\/posts\/29391\/revisions"}],"wp:featuredmedia":[{"embeddable":true,"href":"https:\/\/cdnoticias.com\/index.php\/wp-json\/wp\/v2\/media\/29392"}],"wp:attachment":[{"href":"https:\/\/cdnoticias.com\/index.php\/wp-json\/wp\/v2\/media?parent=29391"}],"wp:term":[{"taxonomy":"category","embeddable":true,"href":"https:\/\/cdnoticias.com\/index.php\/wp-json\/wp\/v2\/categories?post=29391"},{"taxonomy":"post_tag","embeddable":true,"href":"https:\/\/cdnoticias.com\/index.php\/wp-json\/wp\/v2\/tags?post=29391"}],"curies":[{"name":"wp","href":"https:\/\/api.w.org\/{rel}","templated":true}]}}