{"id":29370,"date":"2021-08-12T12:26:03","date_gmt":"2021-08-12T15:26:03","guid":{"rendered":"http:\/\/www.centraldenoticias.com.ar\/?p=29370"},"modified":"2021-08-12T15:04:24","modified_gmt":"2021-08-12T18:04:24","slug":"tasa-de-servicios-urbanos-error-en-los-cobros-por-debito-automatico","status":"publish","type":"post","link":"https:\/\/cdnoticias.com\/index.php\/2021\/08\/12\/tasa-de-servicios-urbanos-error-en-los-cobros-por-debito-automatico\/","title":{"rendered":"Tasa de Servicios Urbanos: error en los cobros por d\u00e9bito autom\u00e1tico"},"content":{"rendered":"<p>A estos contribuyentes se les debit\u00f3 la factura por duplicado. La Direcci\u00f3n de Rentas inform\u00f3 que se analiza lo sucedido y que \u201cen los pr\u00f3ximos d\u00edas se devolver\u00e1 el monto debitado\u201d.<!--more--><\/p>\n<hr \/>\n<p>La Direcci\u00f3n de Rentas del Municipio informa que, <strong>\u201cdebido a un error en el sistema, se han debitado de manera duplicada las Tasas de Servicios Urbanos para algunos contribuyentes\u201d<\/strong>.<\/p>\n<p>&nbsp;<\/p>\n<p>Se trata de <strong>quienes pagan la tasa a trav\u00e9s de d\u00e9bito autom\u00e1tico<\/strong>.<\/p>\n<p>&nbsp;<\/p>\n<blockquote><p>Desde el \u00e1rea de Rentas se indic\u00f3 que \u201cse est\u00e1 llevando adelante el correspondiente an\u00e1lisis de la situaci\u00f3n con las entidades bancarias\u201d al tiempo que se aclar\u00f3 que \u201cen los pr\u00f3ximos d\u00edas se devolver\u00e1 el monto debitado err\u00f3neamente a los usuarios afectados\u201d.<\/p><\/blockquote>\n<p>&nbsp;<\/p>\n<p>Cabe recordar que <strong>este mes comenz\u00f3 a regir el aumento dispuesto por decreto del Ejecutivo<\/strong> con lo que <a href=\"https:\/\/cdnoticias.com\/index.php\/2021\/07\/21\/aumento-del-25-en-las-tasas-de-servicios-urbanos\/\" target=\"_blank\" rel=\"noopener\">todos los contribuyentes reciben montos en alza en sus facturas<\/a>.<\/p>\n","protected":false},"excerpt":{"rendered":"<p>A estos contribuyentes se les debit\u00f3 la factura por duplicado. La Direcci\u00f3n de Rentas inform\u00f3 que se analiza lo sucedido<\/p>\n","protected":false},"author":4,"featured_media":29372,"comment_status":"closed","ping_status":"closed","sticky":false,"template":"","format":"standard","meta":{"_jetpack_memberships_contains_paid_content":false,"footnotes":""},"categories":[5,1],"tags":[],"class_list":["post-29370","post","type-post","status-publish","format-standard","has-post-thumbnail","hentry","category-informacion-general","category-portada"],"jetpack_featured_media_url":"https:\/\/i0.wp.com\/cdnoticias.com\/wp-content\/uploads\/2021\/08\/tasa-de-servicios-urbanos0.jpg?fit=864%2C481&ssl=1","jetpack_sharing_enabled":true,"_links":{"self":[{"href":"https:\/\/cdnoticias.com\/index.php\/wp-json\/wp\/v2\/posts\/29370","targetHints":{"allow":["GET"]}}],"collection":[{"href":"https:\/\/cdnoticias.com\/index.php\/wp-json\/wp\/v2\/posts"}],"about":[{"href":"https:\/\/cdnoticias.com\/index.php\/wp-json\/wp\/v2\/types\/post"}],"author":[{"embeddable":true,"href":"https:\/\/cdnoticias.com\/index.php\/wp-json\/wp\/v2\/users\/4"}],"replies":[{"embeddable":true,"href":"https:\/\/cdnoticias.com\/index.php\/wp-json\/wp\/v2\/comments?post=29370"}],"version-history":[{"count":0,"href":"https:\/\/cdnoticias.com\/index.php\/wp-json\/wp\/v2\/posts\/29370\/revisions"}],"wp:featuredmedia":[{"embeddable":true,"href":"https:\/\/cdnoticias.com\/index.php\/wp-json\/wp\/v2\/media\/29372"}],"wp:attachment":[{"href":"https:\/\/cdnoticias.com\/index.php\/wp-json\/wp\/v2\/media?parent=29370"}],"wp:term":[{"taxonomy":"category","embeddable":true,"href":"https:\/\/cdnoticias.com\/index.php\/wp-json\/wp\/v2\/categories?post=29370"},{"taxonomy":"post_tag","embeddable":true,"href":"https:\/\/cdnoticias.com\/index.php\/wp-json\/wp\/v2\/tags?post=29370"}],"curies":[{"name":"wp","href":"https:\/\/api.w.org\/{rel}","templated":true}]}}