{"id":29351,"date":"2021-08-12T10:06:58","date_gmt":"2021-08-12T13:06:58","guid":{"rendered":"http:\/\/www.centraldenoticias.com.ar\/?p=29351"},"modified":"2021-08-12T10:06:58","modified_gmt":"2021-08-12T13:06:58","slug":"victoria-de-bellis-estoy-agradecida-a-la-democracia","status":"publish","type":"post","link":"https:\/\/cdnoticias.com\/index.php\/2021\/08\/12\/victoria-de-bellis-estoy-agradecida-a-la-democracia\/","title":{"rendered":"Victoria De Bellis: \u201cestoy agradecida a la democracia\u201d"},"content":{"rendered":"<p>En el inicio de la emotiva sesi\u00f3n del HCD, la ahora ex concejala se despidi\u00f3 del cuerpo tras efectivizar su renuncia este jueves. Asumi\u00f3 en su lugar Pamela Juri, del Frente Grande.\u00a0<!--more--><\/p>\n<hr \/>\n<p>Este jueves, y en el inicio de una nueva sesi\u00f3n del HCD tras el receso invernal, <strong>se vivi\u00f3 uno de los momentos m\u00e1s emotivos de la jornada: Victoria De Bellis efectiviz\u00f3 su renuncia al cuerpo deliberativo y se despidi\u00f3 del \u00f3rgano legislativo. En su lugar asumi\u00f3 Pamela Juri, del Frente Grande.<\/strong><\/p>\n<p>&nbsp;<\/p>\n<p><em>\u201cEs un d\u00eda muy dif\u00edcil, no me van a escuchar hablar de pol\u00edtica hoy, como he hecho en este tiempo mientras estuve en el Concejo Deliberante\u201d<\/em> dijo, ya visiblemente emocionada, De Bellis ante sus compa\u00f1eros. Se\u00f1al\u00f3 que realizar\u00eda un discurso<strong><em> \u201cde reflexiones y agradecimientos\u201d.<\/em><\/strong><\/p>\n<p>&nbsp;<\/p>\n<p><img data-recalc-dims=\"1\" loading=\"lazy\" decoding=\"async\" class=\"alignnone size-large wp-image-29349\" src=\"https:\/\/i0.wp.com\/cdnoticias.com\/wp-content\/uploads\/2021\/08\/HCD01.jpg?resize=800%2C445&#038;ssl=1\" alt=\"\" width=\"800\" height=\"445\" srcset=\"https:\/\/i0.wp.com\/cdnoticias.com\/wp-content\/uploads\/2021\/08\/HCD01.jpg?resize=1024%2C569&amp;ssl=1 1024w, https:\/\/i0.wp.com\/cdnoticias.com\/wp-content\/uploads\/2021\/08\/HCD01.jpg?resize=300%2C167&amp;ssl=1 300w, https:\/\/i0.wp.com\/cdnoticias.com\/wp-content\/uploads\/2021\/08\/HCD01.jpg?resize=768%2C427&amp;ssl=1 768w, https:\/\/i0.wp.com\/cdnoticias.com\/wp-content\/uploads\/2021\/08\/HCD01.jpg?resize=800%2C445&amp;ssl=1 800w, https:\/\/i0.wp.com\/cdnoticias.com\/wp-content\/uploads\/2021\/08\/HCD01.jpg?w=1160&amp;ssl=1 1160w\" sizes=\"auto, (max-width: 800px) 100vw, 800px\" \/><\/p>\n<p>&nbsp;<\/p>\n<p><strong><em>\u201cDicen que las despedidas son esos dolores dulces\u201d<\/em><\/strong> dijo la concejala citando a Los Redondos. Habl\u00f3 de la pasi\u00f3n con la que ejerci\u00f3 su mandato y<em> \u201cesa pasi\u00f3n me ha permitido disfrutar este camino con algunos errores y aciertos, pero con el compromiso con el alma. Estoy agradecida a la democracia\u201d.<\/em><\/p>\n<p>&nbsp;<\/p>\n<p><strong>Mencion\u00f3 a sus padres como \u201cmentores y referencias\u201d<\/strong> y se\u00f1al\u00f3 que tras su arduo trabajo<em> \u201ccomo todo en la vida, todo tiene un final\u201d.<\/em> Ratific\u00f3 que tom\u00f3<em> \u201cuna decisi\u00f3n personal que no ha sido f\u00e1cil, pero ha sido tomada con el coraz\u00f3n\u201d<\/em> y le habl\u00f3 a los concejales del cuerpo: <strong><em>\u201cgratitud con todos ustedes, han sido grandes compa\u00f1eros y estuvimos en dif\u00edciles momentos aportando ideas, proyectos\u201d.<\/em><\/strong><\/p>\n<p>&nbsp;<\/p>\n<blockquote><p>Visiblemente emocionada, mencion\u00f3 a compa\u00f1eros, familia, prensa y a todos los que acompa\u00f1aron en este camino. \u201cSe tiene que seguir por el camino del di\u00e1logo que como cuerpo hemos sabido construir\u201d.<\/p><\/blockquote>\n<p>&nbsp;<\/p>\n<p>Tras ello, vino un<strong> largo listado de concejales que aprovecharon algunos minutos para despedir a la concejala<\/strong>: <strong>Juan S\u00e1nchez (Frente de Todos)<\/strong> valor\u00f3 la experiencia de De Bellis, <em>\u201cque ayud\u00f3 a construir desde el respeto muchos proyectos y consensos\u201d<\/em> y dijo que<em> \u201cpodremos no haber tenido acuerdos pero siempre hab\u00eda motivos v\u00e1lidos para defender su postura, eso es de valorar\u201d<\/em>. Para cerrar, dijo que <strong><em>\u201clamentamos mucho que nos deje pero que sea para mejor, que sea fruct\u00edfero como ha sido ac\u00e1\u201d.<\/em><\/strong><\/p>\n<p>&nbsp;<\/p>\n<p><strong>Mart\u00edn Endere (Juntos)<\/strong> dijo que lo que m\u00e1s valora de De Bellis fue que<em> \u201cpudimos entendernos en las diferencias, tu experiencia nos ha servido para llegar a consensos y aportar, a abrirnos la cabeza. Sustento, estudio de los temas, pero por sobre todas las cosas <strong>aprend\u00ed a valorar la institucionalidad del Concejo Deliberante<\/strong>\u201d.<\/em><\/p>\n<p>&nbsp;<\/p>\n<p><strong>Germ\u00e1n Aramburu (Renovaci\u00f3n Peronista)<\/strong> valor\u00f3 tambi\u00e9n <em>\u201cel conocimiento de la cuesti\u00f3n administrativa y la coherencia en este tiempo, hace que tu ausencia se vaya a notar. No me cabe duda que te va a ir bien, es parte de mi admiraci\u00f3n, tomaste una decisi\u00f3n con el coraz\u00f3n. <strong>Nada se pierde, todo se transforma<\/strong>\u201d<\/em>.<strong> Alicia Almada<\/strong>, compa\u00f1era de banca de Aramburu, dijo que <em>\u201ces una despedida transitoria, esperamos tu regreso e incorporaci\u00f3n a la vida pol\u00edtica, como mujer desearte lo mejor. M\u00e1s all\u00e1 de los espacios pol\u00edticos que representamos somos personas, vecinos, hemos transitado momentos dif\u00edciles en la pandemia y estuvimos juntos\u201d.<\/em><\/p>\n<p>&nbsp;<\/p>\n<p><strong>Eduardo Rodr\u00edguez (Foro Olavarr\u00eda)<\/strong> indic\u00f3 que despedir\u00eda a De Bellis <em>\u201cpor la relaci\u00f3n personal que nos ha tenido quiero participar. Tuve la suerte de compartir la concejal\u00eda con el pap\u00e1 de Vicky, y realmente ha tenido esa impronta que le ha dado el pap\u00e1 de trabajar en pos del sentido democr\u00e1tico que tiene la representaci\u00f3n en el HCD\u201d.<\/em><\/p>\n<p>&nbsp;<\/p>\n<p><strong>Mart\u00edn Lastape (UCR)<\/strong> se sum\u00f3 a las palabras de los concejales y dijo que<em> \u201csabemos la persona que es, de concejala que es, seguir\u00e1 aportando desde donde est\u00e9. Todo tendr\u00e1 una vuelta y los caminos nos van a volver a encontrar\u201d.<\/em> Tambi\u00e9n hubo valoraciones de las concejalas <strong>Mar\u00eda Jos\u00e9 Gonz\u00e1lez<\/strong> y <strong>Mercedes Land\u00edvar.<\/strong><\/p>\n<p>&nbsp;<\/p>\n<p><img data-recalc-dims=\"1\" loading=\"lazy\" decoding=\"async\" class=\"alignnone size-large wp-image-29350\" src=\"https:\/\/i0.wp.com\/cdnoticias.com\/wp-content\/uploads\/2021\/08\/HCD03-pamela-juri.jpg?resize=800%2C445&#038;ssl=1\" alt=\"\" width=\"800\" height=\"445\" srcset=\"https:\/\/i0.wp.com\/cdnoticias.com\/wp-content\/uploads\/2021\/08\/HCD03-pamela-juri.jpg?resize=1024%2C570&amp;ssl=1 1024w, https:\/\/i0.wp.com\/cdnoticias.com\/wp-content\/uploads\/2021\/08\/HCD03-pamela-juri.jpg?resize=300%2C167&amp;ssl=1 300w, https:\/\/i0.wp.com\/cdnoticias.com\/wp-content\/uploads\/2021\/08\/HCD03-pamela-juri.jpg?resize=768%2C427&amp;ssl=1 768w, https:\/\/i0.wp.com\/cdnoticias.com\/wp-content\/uploads\/2021\/08\/HCD03-pamela-juri.jpg?resize=800%2C445&amp;ssl=1 800w, https:\/\/i0.wp.com\/cdnoticias.com\/wp-content\/uploads\/2021\/08\/HCD03-pamela-juri.jpg?w=1280&amp;ssl=1 1280w\" sizes=\"auto, (max-width: 800px) 100vw, 800px\" \/><\/p>\n<p>&nbsp;<\/p>\n<p>Tras aprobar el pedido de renuncia de forma un\u00e1nime (De Bellis se abstuvo de votar)<strong> le toc\u00f3 el turno de jurar a Pamela Juri, del Frente Grande, quien asumi\u00f3 formalmente en su banca como concejal titular.<\/strong> Este cargo lo tendr\u00e1 hasta el 10 de diciembre, fecha en que finalizaba el mandado de De Bellis.<\/p>\n","protected":false},"excerpt":{"rendered":"<p>En el inicio de la emotiva sesi\u00f3n del HCD, la ahora ex concejala se despidi\u00f3 del cuerpo tras efectivizar su<\/p>\n","protected":false},"author":2,"featured_media":29347,"comment_status":"closed","ping_status":"closed","sticky":false,"template":"","format":"standard","meta":{"_jetpack_memberships_contains_paid_content":false,"footnotes":""},"categories":[4,1],"tags":[],"class_list":["post-29351","post","type-post","status-publish","format-standard","has-post-thumbnail","hentry","category-politica","category-portada"],"jetpack_featured_media_url":"https:\/\/i0.wp.com\/cdnoticias.com\/wp-content\/uploads\/2021\/08\/HCD02-de-bellis.jpg?fit=768%2C427&ssl=1","jetpack_sharing_enabled":true,"_links":{"self":[{"href":"https:\/\/cdnoticias.com\/index.php\/wp-json\/wp\/v2\/posts\/29351","targetHints":{"allow":["GET"]}}],"collection":[{"href":"https:\/\/cdnoticias.com\/index.php\/wp-json\/wp\/v2\/posts"}],"about":[{"href":"https:\/\/cdnoticias.com\/index.php\/wp-json\/wp\/v2\/types\/post"}],"author":[{"embeddable":true,"href":"https:\/\/cdnoticias.com\/index.php\/wp-json\/wp\/v2\/users\/2"}],"replies":[{"embeddable":true,"href":"https:\/\/cdnoticias.com\/index.php\/wp-json\/wp\/v2\/comments?post=29351"}],"version-history":[{"count":0,"href":"https:\/\/cdnoticias.com\/index.php\/wp-json\/wp\/v2\/posts\/29351\/revisions"}],"wp:featuredmedia":[{"embeddable":true,"href":"https:\/\/cdnoticias.com\/index.php\/wp-json\/wp\/v2\/media\/29347"}],"wp:attachment":[{"href":"https:\/\/cdnoticias.com\/index.php\/wp-json\/wp\/v2\/media?parent=29351"}],"wp:term":[{"taxonomy":"category","embeddable":true,"href":"https:\/\/cdnoticias.com\/index.php\/wp-json\/wp\/v2\/categories?post=29351"},{"taxonomy":"post_tag","embeddable":true,"href":"https:\/\/cdnoticias.com\/index.php\/wp-json\/wp\/v2\/tags?post=29351"}],"curies":[{"name":"wp","href":"https:\/\/api.w.org\/{rel}","templated":true}]}}