{"id":29342,"date":"2021-08-12T08:48:03","date_gmt":"2021-08-12T11:48:03","guid":{"rendered":"http:\/\/www.centraldenoticias.com.ar\/?p=29342"},"modified":"2021-08-12T10:13:17","modified_gmt":"2021-08-12T13:13:17","slug":"rompio-un-vidrio-y-se-llevo-una-caja-de-vino","status":"publish","type":"post","link":"https:\/\/cdnoticias.com\/index.php\/2021\/08\/12\/rompio-un-vidrio-y-se-llevo-una-caja-de-vino\/","title":{"rendered":"Rompi\u00f3 un vidrio y se llev\u00f3 una caja de vino"},"content":{"rendered":"<p>El robo se registr\u00f3 en las primeras horas de este jueves en pleno centro. Un local fue el blanco del il\u00edcito y el ladr\u00f3n, que andaba en bicicleta, no fue encontrado.<!--more--><\/p>\n<hr \/>\n<p>Un <strong>curioso robo<\/strong> se registr\u00f3 en las \u00faltimas horas en nuestra ciudad y <strong>el ladr\u00f3n logr\u00f3 huir con el bot\u00edn: una caja de vinos<\/strong>.<\/p>\n<p>&nbsp;<\/p>\n<p>Ocurri\u00f3 en la madrugada de este jueves en un comercio ubicado en <strong>Lavalle y Coronel Su\u00e1rez<\/strong>: mediante la <strong>rotura de un vidrio<\/strong> que da a la calle fue sustra\u00edda la caja. M\u00e1s tarde se dej\u00f3 saber que tambi\u00e9n fueron sustra\u00eddos algunos embutidos.<\/p>\n<p>&nbsp;<\/p>\n<p><img data-recalc-dims=\"1\" loading=\"lazy\" decoding=\"async\" class=\"aligncenter wp-image-29354\" src=\"https:\/\/i0.wp.com\/cdnoticias.com\/wp-content\/uploads\/2021\/08\/robo-lavalle-y-suarez01.jpg?resize=520%2C623&#038;ssl=1\" alt=\"\" width=\"520\" height=\"623\" srcset=\"https:\/\/i0.wp.com\/cdnoticias.com\/wp-content\/uploads\/2021\/08\/robo-lavalle-y-suarez01.jpg?w=720&amp;ssl=1 720w, https:\/\/i0.wp.com\/cdnoticias.com\/wp-content\/uploads\/2021\/08\/robo-lavalle-y-suarez01.jpg?resize=251%2C300&amp;ssl=1 251w\" sizes=\"auto, (max-width: 520px) 100vw, 520px\" \/><\/p>\n<p>&nbsp;<\/p>\n<p><strong>Hacia las 2 de la ma\u00f1ana<\/strong> el personal policial recibi\u00f3 el aviso al servicio de emergencias 911. Seg\u00fan se dej\u00f3 saber, <strong>el ladr\u00f3n transitaba en bicicleta<\/strong> y as\u00ed traslad\u00f3 lo robado.<\/p>\n<p>&nbsp;<\/p>\n<p>No obstante, a pesar de la b\u00fasqueda por las inmediaciones de la zona c\u00e9ntrica<strong> hasta el momento no pudo ser hallado<\/strong>.<\/p>\n<p>&nbsp;<\/p>\n<p><img data-recalc-dims=\"1\" loading=\"lazy\" decoding=\"async\" class=\"alignnone wp-image-29343\" src=\"https:\/\/i0.wp.com\/cdnoticias.com\/wp-content\/uploads\/2021\/08\/robo-lavalle-y-suarez.jpg?resize=700%2C389&#038;ssl=1\" alt=\"\" width=\"700\" height=\"389\" srcset=\"https:\/\/i0.wp.com\/cdnoticias.com\/wp-content\/uploads\/2021\/08\/robo-lavalle-y-suarez.jpg?w=800&amp;ssl=1 800w, https:\/\/i0.wp.com\/cdnoticias.com\/wp-content\/uploads\/2021\/08\/robo-lavalle-y-suarez.jpg?resize=300%2C167&amp;ssl=1 300w, https:\/\/i0.wp.com\/cdnoticias.com\/wp-content\/uploads\/2021\/08\/robo-lavalle-y-suarez.jpg?resize=768%2C427&amp;ssl=1 768w\" sizes=\"auto, (max-width: 700px) 100vw, 700px\" \/><\/p>\n","protected":false},"excerpt":{"rendered":"<p>El robo se registr\u00f3 en las primeras horas de este jueves en pleno centro. Un local fue el blanco del<\/p>\n","protected":false},"author":4,"featured_media":29353,"comment_status":"closed","ping_status":"closed","sticky":false,"template":"","format":"standard","meta":{"_jetpack_memberships_contains_paid_content":false,"footnotes":""},"categories":[14,1],"tags":[],"class_list":["post-29342","post","type-post","status-publish","format-standard","has-post-thumbnail","hentry","category-policiales","category-portada"],"jetpack_featured_media_url":"https:\/\/i0.wp.com\/cdnoticias.com\/wp-content\/uploads\/2021\/08\/robo-lavalle-y-suarez00.jpg?fit=720%2C400&ssl=1","jetpack_sharing_enabled":true,"_links":{"self":[{"href":"https:\/\/cdnoticias.com\/index.php\/wp-json\/wp\/v2\/posts\/29342","targetHints":{"allow":["GET"]}}],"collection":[{"href":"https:\/\/cdnoticias.com\/index.php\/wp-json\/wp\/v2\/posts"}],"about":[{"href":"https:\/\/cdnoticias.com\/index.php\/wp-json\/wp\/v2\/types\/post"}],"author":[{"embeddable":true,"href":"https:\/\/cdnoticias.com\/index.php\/wp-json\/wp\/v2\/users\/4"}],"replies":[{"embeddable":true,"href":"https:\/\/cdnoticias.com\/index.php\/wp-json\/wp\/v2\/comments?post=29342"}],"version-history":[{"count":0,"href":"https:\/\/cdnoticias.com\/index.php\/wp-json\/wp\/v2\/posts\/29342\/revisions"}],"wp:featuredmedia":[{"embeddable":true,"href":"https:\/\/cdnoticias.com\/index.php\/wp-json\/wp\/v2\/media\/29353"}],"wp:attachment":[{"href":"https:\/\/cdnoticias.com\/index.php\/wp-json\/wp\/v2\/media?parent=29342"}],"wp:term":[{"taxonomy":"category","embeddable":true,"href":"https:\/\/cdnoticias.com\/index.php\/wp-json\/wp\/v2\/categories?post=29342"},{"taxonomy":"post_tag","embeddable":true,"href":"https:\/\/cdnoticias.com\/index.php\/wp-json\/wp\/v2\/tags?post=29342"}],"curies":[{"name":"wp","href":"https:\/\/api.w.org\/{rel}","templated":true}]}}