{"id":29325,"date":"2021-08-12T08:30:02","date_gmt":"2021-08-12T11:30:02","guid":{"rendered":"http:\/\/www.centraldenoticias.com.ar\/?p=29325"},"modified":"2021-08-12T08:30:02","modified_gmt":"2021-08-12T11:30:02","slug":"mas-visitas-llegaran-precandidatos-nacionales-de-vamos-con-vos","status":"publish","type":"post","link":"https:\/\/cdnoticias.com\/index.php\/2021\/08\/12\/mas-visitas-llegaran-precandidatos-nacionales-de-vamos-con-vos\/","title":{"rendered":"M\u00e1s visitas: llegar\u00e1n precandidatos nacionales de Vamos con Vos"},"content":{"rendered":"<p>Ser\u00e1 en el inicio de la tarde de este jueves. Se trata del espacio que tiene como m\u00e1ximo referente a Florencio Randazzo en plano nacional y a Andrea Coronel en nuestra ciudad.<!--more--><\/p>\n<hr \/>\n<p>En el inicio de la tarde de este jueves llegar\u00e1n a nuestra ciudad los <strong>precandidatos a Diputados Nacionales del Frente Vamos con Vos, quienes liderar\u00e1n una conferencia de prensa que se llevar\u00e1 adelante en un caf\u00e9 c\u00e9ntrico.<\/strong><\/p>\n<p>&nbsp;<\/p>\n<p>Desde el espacio, que tiene como m\u00e1ximo referente y precandidato a Florencio Randazzo, se precis\u00f3 que <strong>se tratar\u00e1 de Adri\u00e1n Verdini, Julieta Rizzolo y Juan de Dios Cincunegui, quienes protagonizar\u00e1n una rueda que se realizar\u00e1 desde las 13 en Rivadavia al 2900.<\/strong><\/p>\n<p>&nbsp;<\/p>\n<p>La actividad es coordinada desde el equipo de Vamos con Vos Olavarr\u00eda, cuyo espacio propone como primera precandidata a concejal a Andrea Coronel. Trascendi\u00f3, a la par, que <strong>otros referentes de ese partido podr\u00edan arribar a la ciudad en los pr\u00f3ximos d\u00edas.<\/strong><\/p>\n","protected":false},"excerpt":{"rendered":"<p>Ser\u00e1 en el inicio de la tarde de este jueves. Se trata del espacio que tiene como m\u00e1ximo referente a<\/p>\n","protected":false},"author":3,"featured_media":25114,"comment_status":"closed","ping_status":"closed","sticky":false,"template":"","format":"standard","meta":{"_jetpack_memberships_contains_paid_content":false,"footnotes":""},"categories":[4,1],"tags":[],"class_list":["post-29325","post","type-post","status-publish","format-standard","has-post-thumbnail","hentry","category-politica","category-portada"],"jetpack_featured_media_url":"https:\/\/i0.wp.com\/cdnoticias.com\/wp-content\/uploads\/2021\/06\/randazzo-696x456.jpg?fit=696%2C456&ssl=1","jetpack_sharing_enabled":true,"_links":{"self":[{"href":"https:\/\/cdnoticias.com\/index.php\/wp-json\/wp\/v2\/posts\/29325","targetHints":{"allow":["GET"]}}],"collection":[{"href":"https:\/\/cdnoticias.com\/index.php\/wp-json\/wp\/v2\/posts"}],"about":[{"href":"https:\/\/cdnoticias.com\/index.php\/wp-json\/wp\/v2\/types\/post"}],"author":[{"embeddable":true,"href":"https:\/\/cdnoticias.com\/index.php\/wp-json\/wp\/v2\/users\/3"}],"replies":[{"embeddable":true,"href":"https:\/\/cdnoticias.com\/index.php\/wp-json\/wp\/v2\/comments?post=29325"}],"version-history":[{"count":0,"href":"https:\/\/cdnoticias.com\/index.php\/wp-json\/wp\/v2\/posts\/29325\/revisions"}],"wp:featuredmedia":[{"embeddable":true,"href":"https:\/\/cdnoticias.com\/index.php\/wp-json\/wp\/v2\/media\/25114"}],"wp:attachment":[{"href":"https:\/\/cdnoticias.com\/index.php\/wp-json\/wp\/v2\/media?parent=29325"}],"wp:term":[{"taxonomy":"category","embeddable":true,"href":"https:\/\/cdnoticias.com\/index.php\/wp-json\/wp\/v2\/categories?post=29325"},{"taxonomy":"post_tag","embeddable":true,"href":"https:\/\/cdnoticias.com\/index.php\/wp-json\/wp\/v2\/tags?post=29325"}],"curies":[{"name":"wp","href":"https:\/\/api.w.org\/{rel}","templated":true}]}}