{"id":2928,"date":"2020-10-01T13:31:27","date_gmt":"2020-10-01T16:31:27","guid":{"rendered":"http:\/\/www.centraldenoticias.com.ar\/?p=2928"},"modified":"2020-10-01T14:23:49","modified_gmt":"2020-10-01T17:23:49","slug":"informe-septiembre-fue-el-mes-con-mas-accidentes-del-ano","status":"publish","type":"post","link":"https:\/\/cdnoticias.com\/index.php\/2020\/10\/01\/informe-septiembre-fue-el-mes-con-mas-accidentes-del-ano\/","title":{"rendered":"Informe: septiembre fue el mes con m\u00e1s accidentes del a\u00f1o"},"content":{"rendered":"<p>En un 2020 at\u00edpico por la pandemia, el ingeniero Marcos Pascua realiz\u00f3 un relevamiento de los accidentes de tr\u00e1nsito del mes anterior. Fue el de mayores accidentes, con mayor movilidad en zonas residenciales y menor en zonas de trabajo. El centro al mediod\u00eda, el lugar m\u00e1s com\u00fan de choques.<!--more--><\/p>\n<hr \/>\n<p>En un nuevo relevamiento del<strong> ingeniero Marcos Pascua, septiembre fue el mes con m\u00e1s accidentes de tr\u00e1nsito de lo que va del a\u00f1o. Se produjeron un total de 27 accidentes, que dejaron como consecuencia 25 personas heridas (23 leves y 2 graves) y 1 fallecido.<\/strong><\/p>\n<p>&nbsp;<\/p>\n<p>El relevamiento fue realizado con el trabajo de coberturas medi\u00e1ticas de portales locales de la ciudad. <strong>All\u00ed se pudo establecer que el peor horario para circular se da entre las 10 y las 12 del mediod\u00eda en la zona del centro y microcentro.<\/strong><\/p>\n<p>&nbsp;<\/p>\n<p>En el <strong>centro y microcentro<\/strong> se produjeron el <strong>25,93%<\/strong> de los accidentes, seguidos de los barrios <strong>Mariano Moreno<\/strong> y <strong>Luj\u00e1n<\/strong>, donde produjeron el <strong>14,81%<\/strong> y <strong>11,11%<\/strong> de los eventos respectivamente. Entre las 10 y las 12 se produjeron el 33,33% de los siniestros viales, seguida por la franja de entre las<strong> 12:00 y las 14:00 <\/strong>con el<strong> 25%.<\/strong><\/p>\n<p>&nbsp;<\/p>\n<p><img data-recalc-dims=\"1\" loading=\"lazy\" decoding=\"async\" class=\"alignnone size-full wp-image-2929\" src=\"https:\/\/i0.wp.com\/cdnoticias.com\/wp-content\/uploads\/2020\/10\/grafico-siniestros-viales.jpg?resize=479%2C293&#038;ssl=1\" alt=\"\" width=\"479\" height=\"293\" srcset=\"https:\/\/i0.wp.com\/cdnoticias.com\/wp-content\/uploads\/2020\/10\/grafico-siniestros-viales.jpg?w=479&amp;ssl=1 479w, https:\/\/i0.wp.com\/cdnoticias.com\/wp-content\/uploads\/2020\/10\/grafico-siniestros-viales.jpg?resize=300%2C184&amp;ssl=1 300w\" sizes=\"auto, (max-width: 479px) 100vw, 479px\" \/><\/p>\n<p>&nbsp;<\/p>\n<p><strong>Desde que comenz\u00f3 2020<\/strong> se produjeron un total de <strong>186 accidentes<\/strong>, en los cuales se han producido 138 heridos leves, 24 heridos graves y 5 v\u00edctimas fatales. Cabe recordar que tras el Aislamiento preventivo social y obligatorio, <strong>se registr\u00f3 una disminuci\u00f3n de la movilidad en un 63%<\/strong>, la cual fue aumentando gradualmente hasta el mes de agosto, donde durante 3 semanas la ciudad se encontr\u00f3 en fase 5, para luego volver a fase 4.<\/p>\n<p>&nbsp;<\/p>\n<p>Entre las conclusiones y teniendo en cuenta que no hay clases presenciales en las escuelas de la ciudad, esto podr\u00eda sugerir que cuando vuelvan, la accidentolog\u00eda podr\u00eda incrementarse, por eso<em> \u201ces necesario comenzar a trabajar en soluciones integrales\u201d.<\/em><\/p>\n<p>&nbsp;<\/p>\n<blockquote><p>El ingeniero Pascua indic\u00f3 que la siniestralidad vial<em> \u201ces un desaf\u00edo que debemos afrontar <strong>la comunidad, la pol\u00edtica y los profesionales<\/strong> en conjunto\u201d.<\/em><\/p><\/blockquote>\n<p>&nbsp;<\/p>\n<p><em>\u201cLa pandemia debe ser entendida como una <strong>oportunidad <\/strong>para repensar nuestra localidad, para dise\u00f1ar una ciudad accesible, segura y sostenible. Las ciudades han sido dise\u00f1adas para los autom\u00f3viles, es tiempo de garantizar <\/em><strong><em>seguridad vial para todos los usuarios de la v\u00eda p\u00fablica\u201d<\/em> cerr\u00f3<\/strong>.<\/p>\n","protected":false},"excerpt":{"rendered":"<p>En un 2020 at\u00edpico por la pandemia, el ingeniero Marcos Pascua realiz\u00f3 un relevamiento de los accidentes de tr\u00e1nsito del<\/p>\n","protected":false},"author":2,"featured_media":2930,"comment_status":"closed","ping_status":"closed","sticky":false,"template":"","format":"standard","meta":{"_jetpack_memberships_contains_paid_content":false,"footnotes":""},"categories":[5,1],"tags":[],"class_list":["post-2928","post","type-post","status-publish","format-standard","has-post-thumbnail","hentry","category-informacion-general","category-portada"],"jetpack_featured_media_url":"https:\/\/i0.wp.com\/cdnoticias.com\/wp-content\/uploads\/2020\/10\/imagen_20789.jpeg?fit=1280%2C720&ssl=1","jetpack_sharing_enabled":true,"_links":{"self":[{"href":"https:\/\/cdnoticias.com\/index.php\/wp-json\/wp\/v2\/posts\/2928","targetHints":{"allow":["GET"]}}],"collection":[{"href":"https:\/\/cdnoticias.com\/index.php\/wp-json\/wp\/v2\/posts"}],"about":[{"href":"https:\/\/cdnoticias.com\/index.php\/wp-json\/wp\/v2\/types\/post"}],"author":[{"embeddable":true,"href":"https:\/\/cdnoticias.com\/index.php\/wp-json\/wp\/v2\/users\/2"}],"replies":[{"embeddable":true,"href":"https:\/\/cdnoticias.com\/index.php\/wp-json\/wp\/v2\/comments?post=2928"}],"version-history":[{"count":0,"href":"https:\/\/cdnoticias.com\/index.php\/wp-json\/wp\/v2\/posts\/2928\/revisions"}],"wp:featuredmedia":[{"embeddable":true,"href":"https:\/\/cdnoticias.com\/index.php\/wp-json\/wp\/v2\/media\/2930"}],"wp:attachment":[{"href":"https:\/\/cdnoticias.com\/index.php\/wp-json\/wp\/v2\/media?parent=2928"}],"wp:term":[{"taxonomy":"category","embeddable":true,"href":"https:\/\/cdnoticias.com\/index.php\/wp-json\/wp\/v2\/categories?post=2928"},{"taxonomy":"post_tag","embeddable":true,"href":"https:\/\/cdnoticias.com\/index.php\/wp-json\/wp\/v2\/tags?post=2928"}],"curies":[{"name":"wp","href":"https:\/\/api.w.org\/{rel}","templated":true}]}}