{"id":29227,"date":"2021-08-11T10:06:54","date_gmt":"2021-08-11T13:06:54","guid":{"rendered":"http:\/\/www.centraldenoticias.com.ar\/?p=29227"},"modified":"2021-08-11T11:32:14","modified_gmt":"2021-08-11T14:32:14","slug":"fuerte-accidente-en-colon-y-espana-un-joven-herido","status":"publish","type":"post","link":"https:\/\/cdnoticias.com\/index.php\/2021\/08\/11\/fuerte-accidente-en-colon-y-espana-un-joven-herido\/","title":{"rendered":"Fuerte accidente en Col\u00f3n y Espa\u00f1a: un joven herido"},"content":{"rendered":"<p>El hecho se produjo a primera hora de este mi\u00e9rcoles. Un joven motociclista fue trasladado al Hospital con varias heridas.\u00a0<!--more--><\/p>\n<hr \/>\n<p>Este mi\u00e9rcoles por la ma\u00f1ana, <strong>un joven de 25 a\u00f1os result\u00f3 con diversas heridas al chocar con una camioneta a bordo de su motocicleta.<\/strong> El hecho se registr\u00f3 en la esquina de Col\u00f3n y Espa\u00f1a.<\/p>\n<p>&nbsp;<\/p>\n<p>Las causas del siniestro vial se encuentran en investigaci\u00f3n. Lo concreto es que<strong> una moto Yamaha, conducida por un joven, impact\u00f3 contra una camioneta Ford Ranger de forma violenta.<\/strong><\/p>\n<p>&nbsp;<\/p>\n<p><img data-recalc-dims=\"1\" loading=\"lazy\" decoding=\"async\" class=\"alignnone size-large wp-image-29228\" src=\"https:\/\/i0.wp.com\/cdnoticias.com\/wp-content\/uploads\/2021\/08\/WhatsApp-Image-2021-08-11-at-09.46.47-1.jpeg?resize=800%2C600&#038;ssl=1\" alt=\"\" width=\"800\" height=\"600\" srcset=\"https:\/\/i0.wp.com\/cdnoticias.com\/wp-content\/uploads\/2021\/08\/WhatsApp-Image-2021-08-11-at-09.46.47-1.jpeg?resize=1024%2C768&amp;ssl=1 1024w, https:\/\/i0.wp.com\/cdnoticias.com\/wp-content\/uploads\/2021\/08\/WhatsApp-Image-2021-08-11-at-09.46.47-1.jpeg?resize=300%2C225&amp;ssl=1 300w, https:\/\/i0.wp.com\/cdnoticias.com\/wp-content\/uploads\/2021\/08\/WhatsApp-Image-2021-08-11-at-09.46.47-1.jpeg?resize=768%2C576&amp;ssl=1 768w, https:\/\/i0.wp.com\/cdnoticias.com\/wp-content\/uploads\/2021\/08\/WhatsApp-Image-2021-08-11-at-09.46.47-1.jpeg?w=1600&amp;ssl=1 1600w\" sizes=\"auto, (max-width: 800px) 100vw, 800px\" \/><\/p>\n<p>&nbsp;<\/p>\n<blockquote><p>Una ambulancia traslad\u00f3 al joven al Hospital Municipal, lugar donde se encuentra actualmente.<\/p><\/blockquote>\n<p>&nbsp;<\/p>\n<p><strong>El tr\u00e1nsito se encuentra reducido en el lugar<\/strong> mientras se realizan las tareas de peritajes correspondientes. Colabor\u00f3 en el lugar efectivos de Comando de Patrullas.<\/p>\n","protected":false},"excerpt":{"rendered":"<p>El hecho se produjo a primera hora de este mi\u00e9rcoles. Un joven motociclista fue trasladado al Hospital con varias heridas.\u00a0<\/p>\n","protected":false},"author":2,"featured_media":29229,"comment_status":"closed","ping_status":"closed","sticky":false,"template":"","format":"standard","meta":{"_jetpack_memberships_contains_paid_content":false,"footnotes":""},"categories":[14,1],"tags":[],"class_list":["post-29227","post","type-post","status-publish","format-standard","has-post-thumbnail","hentry","category-policiales","category-portada"],"jetpack_featured_media_url":"https:\/\/i0.wp.com\/cdnoticias.com\/wp-content\/uploads\/2021\/08\/WhatsApp-Image-2021-08-11-at-09.46.47.jpeg?fit=1600%2C1200&ssl=1","jetpack_sharing_enabled":true,"_links":{"self":[{"href":"https:\/\/cdnoticias.com\/index.php\/wp-json\/wp\/v2\/posts\/29227","targetHints":{"allow":["GET"]}}],"collection":[{"href":"https:\/\/cdnoticias.com\/index.php\/wp-json\/wp\/v2\/posts"}],"about":[{"href":"https:\/\/cdnoticias.com\/index.php\/wp-json\/wp\/v2\/types\/post"}],"author":[{"embeddable":true,"href":"https:\/\/cdnoticias.com\/index.php\/wp-json\/wp\/v2\/users\/2"}],"replies":[{"embeddable":true,"href":"https:\/\/cdnoticias.com\/index.php\/wp-json\/wp\/v2\/comments?post=29227"}],"version-history":[{"count":0,"href":"https:\/\/cdnoticias.com\/index.php\/wp-json\/wp\/v2\/posts\/29227\/revisions"}],"wp:featuredmedia":[{"embeddable":true,"href":"https:\/\/cdnoticias.com\/index.php\/wp-json\/wp\/v2\/media\/29229"}],"wp:attachment":[{"href":"https:\/\/cdnoticias.com\/index.php\/wp-json\/wp\/v2\/media?parent=29227"}],"wp:term":[{"taxonomy":"category","embeddable":true,"href":"https:\/\/cdnoticias.com\/index.php\/wp-json\/wp\/v2\/categories?post=29227"},{"taxonomy":"post_tag","embeddable":true,"href":"https:\/\/cdnoticias.com\/index.php\/wp-json\/wp\/v2\/tags?post=29227"}],"curies":[{"name":"wp","href":"https:\/\/api.w.org\/{rel}","templated":true}]}}