{"id":29221,"date":"2021-08-11T08:26:03","date_gmt":"2021-08-11T11:26:03","guid":{"rendered":"http:\/\/www.centraldenoticias.com.ar\/?p=29221"},"modified":"2021-08-11T08:26:03","modified_gmt":"2021-08-11T11:26:03","slug":"miguel-angel-tornabene-q-e-p-d","status":"publish","type":"post","link":"https:\/\/cdnoticias.com\/index.php\/2021\/08\/11\/miguel-angel-tornabene-q-e-p-d\/","title":{"rendered":"Miguel \u00c1ngel Tornabene (Q.E.P.D.)"},"content":{"rendered":"<p>Falleci\u00f3 en Olavarr\u00eda el d\u00eda 10 de agosto de 2021 a los 89 a\u00f1os de edad.<\/p>\n<p>&nbsp;<\/p>\n<p>Su esposa: Elvira Ang\u00e9lica Castellano (Petty). Sus hijos: Guillermo y Liliana Tornabene. Sus hijos pol\u00edticos: Carolina Alonso y Joao Da Fonseca Orfao. Sus nietos: Luana, Eloy, Nahum, Clementina y Renata. Sus bisnietos: Lara, Aymara y Yaco. Sus hermanas, sobrinos y dem\u00e1s deudos participan su fallecimiento.<\/p>\n<p>&nbsp;<\/p>\n<p>Velatorio: Espa\u00f1a 2942, Departamento &#8220;B&#8221;, comienza 8:30 horas. Responso: Capilla Ardiente. Inhumaci\u00f3n: Loma de Paz, mi\u00e9rcoles 11 de agosto a las 10:30 horas. Servicio adherido a Coopelectric.<\/p>\n<p>&nbsp;<\/p>\n<p>Barrio en el que viv\u00eda: Pueblo Nuevo.<\/p>\n<p>&nbsp;<\/p>\n<p>Lugar de nacimiento: Concar\u00e1n, San Luis.<\/p>\n<p>&nbsp;<\/p>\n<p>Actividad que desarrollaba: Jubilado de Cementos Avellaneda.<\/p>\n","protected":false},"excerpt":{"rendered":"<p>Falleci\u00f3 en Olavarr\u00eda el d\u00eda 10 de agosto de 2021 a los 89 a\u00f1os de edad. &nbsp; Su esposa: Elvira<\/p>\n","protected":false},"author":4,"featured_media":0,"comment_status":"closed","ping_status":"closed","sticky":false,"template":"","format":"standard","meta":{"_jetpack_memberships_contains_paid_content":false,"footnotes":""},"categories":[10],"tags":[],"class_list":["post-29221","post","type-post","status-publish","format-standard","hentry","category-necrologicas"],"jetpack_featured_media_url":"","jetpack_sharing_enabled":true,"_links":{"self":[{"href":"https:\/\/cdnoticias.com\/index.php\/wp-json\/wp\/v2\/posts\/29221","targetHints":{"allow":["GET"]}}],"collection":[{"href":"https:\/\/cdnoticias.com\/index.php\/wp-json\/wp\/v2\/posts"}],"about":[{"href":"https:\/\/cdnoticias.com\/index.php\/wp-json\/wp\/v2\/types\/post"}],"author":[{"embeddable":true,"href":"https:\/\/cdnoticias.com\/index.php\/wp-json\/wp\/v2\/users\/4"}],"replies":[{"embeddable":true,"href":"https:\/\/cdnoticias.com\/index.php\/wp-json\/wp\/v2\/comments?post=29221"}],"version-history":[{"count":0,"href":"https:\/\/cdnoticias.com\/index.php\/wp-json\/wp\/v2\/posts\/29221\/revisions"}],"wp:attachment":[{"href":"https:\/\/cdnoticias.com\/index.php\/wp-json\/wp\/v2\/media?parent=29221"}],"wp:term":[{"taxonomy":"category","embeddable":true,"href":"https:\/\/cdnoticias.com\/index.php\/wp-json\/wp\/v2\/categories?post=29221"},{"taxonomy":"post_tag","embeddable":true,"href":"https:\/\/cdnoticias.com\/index.php\/wp-json\/wp\/v2\/tags?post=29221"}],"curies":[{"name":"wp","href":"https:\/\/api.w.org\/{rel}","templated":true}]}}