{"id":29214,"date":"2021-08-10T21:21:14","date_gmt":"2021-08-11T00:21:14","guid":{"rendered":"http:\/\/www.centraldenoticias.com.ar\/?p=29214"},"modified":"2021-08-10T21:22:48","modified_gmt":"2021-08-11T00:22:48","slug":"bomberos-rescato-a-un-hombre-de-un-incendio-en-el-barrio-mariano-moreno","status":"publish","type":"post","link":"https:\/\/cdnoticias.com\/index.php\/2021\/08\/10\/bomberos-rescato-a-un-hombre-de-un-incendio-en-el-barrio-mariano-moreno\/","title":{"rendered":"Bomberos rescat\u00f3 a un hombre de un incendio en el barrio Mariano Moreno"},"content":{"rendered":"<p>El caso se registr\u00f3 en la noche de este martes y la v\u00edctima no habr\u00eda registrado lesiones de consideraci\u00f3n.<!--more--><\/p>\n<hr \/>\n<p>Minutos antes de las 20 un voraz incendio se desat\u00f3 en el interior de una vivienda ubicada sobre 9 de Julio, a escasos metros del cruce con avenida Col\u00f3n. <strong>Se vivieron momentos de suma tensi\u00f3n ya que personal de bomberos voluntarios debi\u00f3 rescatar a un hombre adulto mayor que se encontraba en el interior de la propiedad.<\/strong><\/p>\n<p>&nbsp;<\/p>\n<p>El origen de siniestro es a\u00fan materia de estudio pero las llamas pod\u00edan verse desde varios metros, lo que<strong> amerit\u00f3 la intervenci\u00f3n de emergencia de los bomberos del Cuartel Central ubicado a pr\u00e1cticamente en frente del lugar de los hechos.<\/strong><\/p>\n<p>&nbsp;<\/p>\n<p>Al constarse la presencia del morador del lugar en el interior de la vivienda se convoc\u00f3 de urgencia tambi\u00e9n a personal de salud, lo que amerit\u00f3 que agentes policiales cerquen la zona para permitir tanto el arribo como el normal desempe\u00f1o de la tareas de los profesionales. <strong>El hombre fue rescatado consciente y remitido por precauci\u00f3n al centro asistencial local.<\/strong><\/p>\n","protected":false},"excerpt":{"rendered":"<p>El caso se registr\u00f3 en la noche de este martes y la v\u00edctima no habr\u00eda registrado lesiones de consideraci\u00f3n.<\/p>\n","protected":false},"author":3,"featured_media":29216,"comment_status":"closed","ping_status":"closed","sticky":false,"template":"","format":"standard","meta":{"_jetpack_memberships_contains_paid_content":false,"footnotes":""},"categories":[14,1],"tags":[],"class_list":["post-29214","post","type-post","status-publish","format-standard","has-post-thumbnail","hentry","category-policiales","category-portada"],"jetpack_featured_media_url":"https:\/\/i0.wp.com\/cdnoticias.com\/wp-content\/uploads\/2021\/08\/incendio.jpg?fit=800%2C445&ssl=1","jetpack_sharing_enabled":true,"_links":{"self":[{"href":"https:\/\/cdnoticias.com\/index.php\/wp-json\/wp\/v2\/posts\/29214","targetHints":{"allow":["GET"]}}],"collection":[{"href":"https:\/\/cdnoticias.com\/index.php\/wp-json\/wp\/v2\/posts"}],"about":[{"href":"https:\/\/cdnoticias.com\/index.php\/wp-json\/wp\/v2\/types\/post"}],"author":[{"embeddable":true,"href":"https:\/\/cdnoticias.com\/index.php\/wp-json\/wp\/v2\/users\/3"}],"replies":[{"embeddable":true,"href":"https:\/\/cdnoticias.com\/index.php\/wp-json\/wp\/v2\/comments?post=29214"}],"version-history":[{"count":0,"href":"https:\/\/cdnoticias.com\/index.php\/wp-json\/wp\/v2\/posts\/29214\/revisions"}],"wp:featuredmedia":[{"embeddable":true,"href":"https:\/\/cdnoticias.com\/index.php\/wp-json\/wp\/v2\/media\/29216"}],"wp:attachment":[{"href":"https:\/\/cdnoticias.com\/index.php\/wp-json\/wp\/v2\/media?parent=29214"}],"wp:term":[{"taxonomy":"category","embeddable":true,"href":"https:\/\/cdnoticias.com\/index.php\/wp-json\/wp\/v2\/categories?post=29214"},{"taxonomy":"post_tag","embeddable":true,"href":"https:\/\/cdnoticias.com\/index.php\/wp-json\/wp\/v2\/tags?post=29214"}],"curies":[{"name":"wp","href":"https:\/\/api.w.org\/{rel}","templated":true}]}}