{"id":29189,"date":"2021-08-10T21:12:37","date_gmt":"2021-08-11T00:12:37","guid":{"rendered":"http:\/\/www.centraldenoticias.com.ar\/?p=29189"},"modified":"2021-08-10T21:13:35","modified_gmt":"2021-08-11T00:13:35","slug":"este-martes-fueron-vacunadas-mas-de-600-personas-contra-el-covid19","status":"publish","type":"post","link":"https:\/\/cdnoticias.com\/index.php\/2021\/08\/10\/este-martes-fueron-vacunadas-mas-de-600-personas-contra-el-covid19\/","title":{"rendered":"Este martes fueron vacunadas m\u00e1s de 600 personas contra el Covid19"},"content":{"rendered":"<p>Pr\u00e1cticamente la mitad de las aplicaciones realizadas correspondieron a adolescentes de entre 12 y 17 a\u00f1os con factores de riesgo.<!--more--><\/p>\n<hr \/>\n<p>&nbsp;<\/p>\n<p>Avanza el plan provincial de vacunaci\u00f3n en Olavarr\u00eda, al punto que este martes m\u00e1s de 600 vecinos y vecinas recibieron su dosis contra el Coronavirus. <strong>El dato relevante es que pr\u00e1cticamente la mitad corresponde a adolescentes con factores de riesgo.<\/strong><\/p>\n<p>&nbsp;<\/p>\n<p>De acuerdo con lo que se precis\u00f3 desde Regi\u00f3n Sanitaria IX, en el Centro Cultural Universitario se vacunaron<strong> 132 personas con primeras dosis<\/strong>, en la Facultad de Ciencias de la Salud se inocularon <strong>202 vecinas y vecinos con segundo componente<\/strong>; y en la Mutual Carlos Alberto Moreno de Suteba se realizaron <strong>29 aplicaciones, de las cuales 14 fueron de primeras dosis y 15 de segundo componente<\/strong><\/p>\n<p>&nbsp;<\/p>\n<p>Tambi\u00e9n en el Servicio Territorial N\u00b02, posta habilitada para la inoculaci\u00f3n de <strong>j\u00f3venes menores de 12 a 17 a\u00f1os, se aplicaron 313 primeras dosis<\/strong> en la segunda jornada de vacunaci\u00f3n a dicho grupo etario, y priorizando a quienes tienen turno previo y poseen factores <strong>de riesgo. Se realizaron un total de 676 aplicaciones.<\/strong><\/p>\n<p>&nbsp;<\/p>\n<blockquote><p>Cualquier duda o consulta, podr\u00e1n acercarse a cualquiera de las cuatro postas ubicadas en: Servicio Territorial N\u00b02, Av. Alberdi 2543, de 8 a 18 hs; Facultad de Ciencias de la Salud, Merlo entre Av. Pringles y 9 de julio, de 8 a 18 hs; Centro Cultural Universitario, San Martin 1955, de 8 a 18 hs; y Mutual Carlos Alberto Moreno de Suteba, Collinet 4544, de 8 a 16 hs.<\/p><\/blockquote>\n<p>&nbsp;<\/p>\n<p>A la par, <strong>contin\u00faa la vacunaci\u00f3n libre para mayores de 18 a\u00f1os<\/strong> que acrediten domicilio en la localidad present\u00e1ndose con su DNI en cualquiera de los centros de vacunaci\u00f3n. Adem\u00e1s, <strong>contin\u00faa la inscripci\u00f3n a menores de 12 a 17 a\u00f1os<\/strong> a trav\u00e9s del <a href=\"http:\/\/www.vacunatepba.gba.gob.ar\" target=\"_blank\" rel=\"noopener\">sitio web oficial<\/a> para obtuvieron el turno correspondiente y recibir la primera dosis y priorizando a quienes pertenecen a grupos de riesgo.<\/p>\n<p>&nbsp;<\/p>\n<p><strong>En cuanto a la aplicaci\u00f3n de segundas dosis, se recuerda que para recibir la aplicaci\u00f3n es \u00fanicamente por turnos<\/strong>, por lo que se le pide a los vecinos y vecinas que est\u00e9n atentos a las notificaciones que se env\u00edan desde el Ministerio de Salud provincial.<\/p>\n","protected":false},"excerpt":{"rendered":"<p>Pr\u00e1cticamente la mitad de las aplicaciones realizadas correspondieron a adolescentes de entre 12 y 17 a\u00f1os con factores de riesgo.<\/p>\n","protected":false},"author":3,"featured_media":29064,"comment_status":"closed","ping_status":"closed","sticky":false,"template":"","format":"standard","meta":{"_jetpack_memberships_contains_paid_content":false,"footnotes":""},"categories":[16,1],"tags":[],"class_list":["post-29189","post","type-post","status-publish","format-standard","has-post-thumbnail","hentry","category-covid-19","category-portada"],"jetpack_featured_media_url":"https:\/\/i0.wp.com\/cdnoticias.com\/wp-content\/uploads\/2021\/08\/WhatsApp-Image-2021-08-09-at-20.59.22.jpeg?fit=1280%2C787&ssl=1","jetpack_sharing_enabled":true,"_links":{"self":[{"href":"https:\/\/cdnoticias.com\/index.php\/wp-json\/wp\/v2\/posts\/29189","targetHints":{"allow":["GET"]}}],"collection":[{"href":"https:\/\/cdnoticias.com\/index.php\/wp-json\/wp\/v2\/posts"}],"about":[{"href":"https:\/\/cdnoticias.com\/index.php\/wp-json\/wp\/v2\/types\/post"}],"author":[{"embeddable":true,"href":"https:\/\/cdnoticias.com\/index.php\/wp-json\/wp\/v2\/users\/3"}],"replies":[{"embeddable":true,"href":"https:\/\/cdnoticias.com\/index.php\/wp-json\/wp\/v2\/comments?post=29189"}],"version-history":[{"count":0,"href":"https:\/\/cdnoticias.com\/index.php\/wp-json\/wp\/v2\/posts\/29189\/revisions"}],"wp:featuredmedia":[{"embeddable":true,"href":"https:\/\/cdnoticias.com\/index.php\/wp-json\/wp\/v2\/media\/29064"}],"wp:attachment":[{"href":"https:\/\/cdnoticias.com\/index.php\/wp-json\/wp\/v2\/media?parent=29189"}],"wp:term":[{"taxonomy":"category","embeddable":true,"href":"https:\/\/cdnoticias.com\/index.php\/wp-json\/wp\/v2\/categories?post=29189"},{"taxonomy":"post_tag","embeddable":true,"href":"https:\/\/cdnoticias.com\/index.php\/wp-json\/wp\/v2\/tags?post=29189"}],"curies":[{"name":"wp","href":"https:\/\/api.w.org\/{rel}","templated":true}]}}