{"id":29162,"date":"2021-08-10T19:09:38","date_gmt":"2021-08-10T22:09:38","guid":{"rendered":"http:\/\/www.centraldenoticias.com.ar\/?p=29162"},"modified":"2021-08-11T08:31:37","modified_gmt":"2021-08-11T11:31:37","slug":"el-frente-de-todos-presento-sus-candidatos-locales-y-seccionales-via-streaming","status":"publish","type":"post","link":"https:\/\/cdnoticias.com\/index.php\/2021\/08\/10\/el-frente-de-todos-presento-sus-candidatos-locales-y-seccionales-via-streaming\/","title":{"rendered":"El Frente de Todos present\u00f3 sus candidatos locales y seccionales v\u00eda streaming"},"content":{"rendered":"<p>Debido a la situaci\u00f3n sanitaria los precandidatos y precandidatas fueron presentadas en un evento que pudo ser seguido en vivo a trav\u00e9s de las redes sociales del espacio.<!--more--><\/p>\n<hr \/>\n<p><strong>\u201cLa vida que queremos. La Olavarr\u00eda que queremos\u201d<\/strong>. Con ese slogan fue presentado en la tarde de este martes la lista de precandidatos y precandidatas del Frente de Todos de cara a las pr\u00f3ximas elecciones Primarias, Abiertas, Simult\u00e1neas y Obligatorias, con el dato no menor que tomaron parte no solo quienes integran la lista local, sino tambi\u00e9n quienes encabezan la lista seccional. Debido a la situaci\u00f3n sanitaria todo se realiz\u00f3 a trav\u00e9s de un evento que pudo ser seguido en vivo a trav\u00e9s de las redes sociales del espacio.<\/p>\n<p>&nbsp;<\/p>\n<blockquote><p>Todo se inici\u00f3 pocos minutos despu\u00e9s de las 18 y tuvo como escenario la sede del Centro de Empleados de Comercio, lugar al que s\u00f3lo pudieron concurrir los candidatos y candidatas, adem\u00e1s de los medios locales.<\/p><\/blockquote>\n<p>&nbsp;<\/p>\n<p>El evento se inici\u00f3 con la presencia de la mayor\u00eda de los y las integrantes de la lista ubicados en banquetas, con la particularidad de dejar una primera hilera de asientos libres para los principales candidatos. <strong>El primero en ingresar a escena fue Federico Aguilera, presidente del PJ local y subsecretario de Miner\u00eda, quien adem\u00e1s se encuentra en la tercera ubicaci\u00f3n en la lista seccional<\/strong>. Luego fue el momento, precisamente, para quienes se ubican esos dos primeros espacios, los actuales diputados nacionales Liliana Schwindt y Eduardo \u201cBali\u201d Bucca, 2\u00b0 y 1\u00b0 respectivamente en la lista seccional.<\/p>\n<p>&nbsp;<\/p>\n<p>De id\u00e9ntica manera fue el ordenamiento para lista local de concejales, con un ingreso en primer t\u00e9rmino de Natalia \u00c1lvarez y luego de <strong>Maxiliano Wesner, quien se ubic\u00f3 en el lugar central y quien tuvo la \u00faltima palabra para cerrar el acto que cont\u00f3 con el acompa\u00f1amiento de decenas y decenas de personas a trav\u00e9s de las redes sociales.<\/strong><\/p>\n<p>&nbsp;<\/p>\n<p><img data-recalc-dims=\"1\" loading=\"lazy\" decoding=\"async\" class=\"alignnone size-full wp-image-29165\" src=\"https:\/\/i0.wp.com\/cdnoticias.com\/wp-content\/uploads\/2021\/08\/todos05.jpg?resize=800%2C445&#038;ssl=1\" alt=\"\" width=\"800\" height=\"445\" srcset=\"https:\/\/i0.wp.com\/cdnoticias.com\/wp-content\/uploads\/2021\/08\/todos05.jpg?w=800&amp;ssl=1 800w, https:\/\/i0.wp.com\/cdnoticias.com\/wp-content\/uploads\/2021\/08\/todos05.jpg?resize=300%2C167&amp;ssl=1 300w, https:\/\/i0.wp.com\/cdnoticias.com\/wp-content\/uploads\/2021\/08\/todos05.jpg?resize=768%2C427&amp;ssl=1 768w\" sizes=\"auto, (max-width: 800px) 100vw, 800px\" \/><\/p>\n<p>&nbsp;<\/p>\n<p><strong>\u201cEs un honor para m\u00ed encabezar esta lista\u201d<\/strong>, enfatiz\u00f3 el actual titular de la oficina local de Anses, quien puso el acento en que se trata de un \u201cespacio amplio y plural\u201d. <strong>\u201cVoy a redoblar el esfuerzo, trabajar incansablemente para que esta ciudad de una buena vez por todas no quede en el atraso y el impasse de la administraci\u00f3n p\u00fablica\u201d<\/strong>, a\u00f1adi\u00f3.<\/p>\n<p>&nbsp;<\/p>\n<p>En la continuidad de su intervenci\u00f3n avanz\u00f3 sobre experiencias particulares con vecinos, tanto en la campa\u00f1a\u00a0 como en su labor en Anses y trato con familiares y amigos. El desarrollo de las localidades y la emergencia habitacional tambi\u00e9n fueron recurrentes en su discurso. <strong>\u201cNos tenemos que subir al tren\u00a0 del desarrollo econ\u00f3mico y social que propone el gobierno de la Provincia y el Estado Nacional\u201d<\/strong>, agreg\u00f3.<\/p>\n<p>&nbsp;<\/p>\n<p><strong>\u201cQueremos un Olavarria distinta, nos merecemos una ciudad mucho mejor\u201d<\/strong>, finaliz\u00f3.<\/p>\n<p>&nbsp;<\/p>\n<p><em><strong>\u201cEstoy muy feliz de estar ac\u00e1\u201d<\/strong><\/em><\/p>\n<p>&nbsp;<\/p>\n<p>El primer orador de la jornada fue precisamente Eduardo \u201cBali\u201d Bucca, quien tambi\u00e9n enfatiz\u00f3 que es \u201cun honor\u201d y un \u201corgullo\u201d no solo liderar la lista seccional, sino tambi\u00e9n ser parte del acto que tuvo lugar en la tarde de este lunes. <strong>\u201cTienen en claro cu\u00e1l es la visi\u00f3n de futuro para Olavarr\u00eda\u201d, enfatiz\u00f3 sobre quienes lo acompa\u00f1an en la lista.<\/strong><\/p>\n<p>&nbsp;<\/p>\n<p><img data-recalc-dims=\"1\" loading=\"lazy\" decoding=\"async\" class=\"alignnone size-full wp-image-29167\" src=\"https:\/\/i0.wp.com\/cdnoticias.com\/wp-content\/uploads\/2021\/08\/todos03.jpg?resize=800%2C445&#038;ssl=1\" alt=\"\" width=\"800\" height=\"445\" srcset=\"https:\/\/i0.wp.com\/cdnoticias.com\/wp-content\/uploads\/2021\/08\/todos03.jpg?w=800&amp;ssl=1 800w, https:\/\/i0.wp.com\/cdnoticias.com\/wp-content\/uploads\/2021\/08\/todos03.jpg?resize=300%2C167&amp;ssl=1 300w, https:\/\/i0.wp.com\/cdnoticias.com\/wp-content\/uploads\/2021\/08\/todos03.jpg?resize=768%2C427&amp;ssl=1 768w\" sizes=\"auto, (max-width: 800px) 100vw, 800px\" \/><\/p>\n<p>&nbsp;<\/p>\n<p>\u201cHe venido muchas veces a Olavarr\u00eda, la conozco en profundidad\u201d, se\u00f1al\u00f3 quien fuera por varios a\u00f1os intendente de Bol\u00edvar. <strong>\u201cOlavarr\u00eda es una de las perlas de la provincia de Buenos Aires y no tiene techo\u201d, agreg\u00f3 y ubic\u00f3 a nuestra ciudad como \u201cfaro de educaci\u00f3n en la regi\u00f3n\u201d<\/strong><\/p>\n<p>&nbsp;<\/p>\n<p>\u201cEs sin lugar de dudas, y puede serlo m\u00e1s a\u00fan, una potencia en materia sanitaria, y es lo que compartimos con esta lista\u201d, continu\u00f3 y a\u00f1adi\u00f3 que \u201centendemos que Olavarr\u00eda tambi\u00e9n puede so\u00f1ar con un parque tecnol\u00f3gica y esto hay que impulsarlo desde la gesti\u00f3n\u201d, en un proyecto que luego fue retomado por Wesner en su intervenci\u00f3n. <strong>\u201cEs el momento de los proyectos que hablan de ideas, de cuestiones concretas, de soluciones\u201d, finaliz\u00f3.<\/strong><\/p>\n","protected":false},"excerpt":{"rendered":"<p>Debido a la situaci\u00f3n sanitaria los precandidatos y precandidatas fueron presentadas en un evento que pudo ser seguido en vivo<\/p>\n","protected":false},"author":3,"featured_media":29166,"comment_status":"closed","ping_status":"closed","sticky":false,"template":"","format":"standard","meta":{"_jetpack_memberships_contains_paid_content":false,"footnotes":""},"categories":[4,1],"tags":[],"class_list":["post-29162","post","type-post","status-publish","format-standard","has-post-thumbnail","hentry","category-politica","category-portada"],"jetpack_featured_media_url":"https:\/\/i0.wp.com\/cdnoticias.com\/wp-content\/uploads\/2021\/08\/todos04.jpg?fit=800%2C445&ssl=1","jetpack_sharing_enabled":true,"_links":{"self":[{"href":"https:\/\/cdnoticias.com\/index.php\/wp-json\/wp\/v2\/posts\/29162","targetHints":{"allow":["GET"]}}],"collection":[{"href":"https:\/\/cdnoticias.com\/index.php\/wp-json\/wp\/v2\/posts"}],"about":[{"href":"https:\/\/cdnoticias.com\/index.php\/wp-json\/wp\/v2\/types\/post"}],"author":[{"embeddable":true,"href":"https:\/\/cdnoticias.com\/index.php\/wp-json\/wp\/v2\/users\/3"}],"replies":[{"embeddable":true,"href":"https:\/\/cdnoticias.com\/index.php\/wp-json\/wp\/v2\/comments?post=29162"}],"version-history":[{"count":0,"href":"https:\/\/cdnoticias.com\/index.php\/wp-json\/wp\/v2\/posts\/29162\/revisions"}],"wp:featuredmedia":[{"embeddable":true,"href":"https:\/\/cdnoticias.com\/index.php\/wp-json\/wp\/v2\/media\/29166"}],"wp:attachment":[{"href":"https:\/\/cdnoticias.com\/index.php\/wp-json\/wp\/v2\/media?parent=29162"}],"wp:term":[{"taxonomy":"category","embeddable":true,"href":"https:\/\/cdnoticias.com\/index.php\/wp-json\/wp\/v2\/categories?post=29162"},{"taxonomy":"post_tag","embeddable":true,"href":"https:\/\/cdnoticias.com\/index.php\/wp-json\/wp\/v2\/tags?post=29162"}],"curies":[{"name":"wp","href":"https:\/\/api.w.org\/{rel}","templated":true}]}}