{"id":29158,"date":"2021-08-10T18:17:59","date_gmt":"2021-08-10T21:17:59","guid":{"rendered":"http:\/\/www.centraldenoticias.com.ar\/?p=29158"},"modified":"2021-08-10T18:18:52","modified_gmt":"2021-08-10T21:18:52","slug":"encuentro-musica-de-duos-en-el-teatro-municipal","status":"publish","type":"post","link":"https:\/\/cdnoticias.com\/index.php\/2021\/08\/10\/encuentro-musica-de-duos-en-el-teatro-municipal\/","title":{"rendered":"Encuentro musical de d\u00faos en el Teatro Municipal"},"content":{"rendered":"<p>Ser\u00e1 el pr\u00f3ximo viernes desde las 21 del cual tomar\u00e1n partes tres d\u00faos de nuestra ciudad.<!--more--><\/p>\n<hr \/>\n<p>\u201c2 x 3\u201d. Ese es el nombre de un encuentro musical que el <strong>pr\u00f3ximo viernes por la noche tendr\u00e1 lugar en el Teatro Municipal. Tomar\u00e1n parte tres d\u00faos de nuestra ciudad.<\/strong><\/p>\n<p>&nbsp;<\/p>\n<p>De acuerdo con lo que se precis\u00f3, <strong>Gabriel Larraz (guitarra y voz) y Yanina Capponi (viol\u00edn y voz) interpretar\u00e1n\u00a0 canciones de rock nacional y folklore.<\/strong><\/p>\n<p>&nbsp;<\/p>\n<p>Por su parte, Uruguayas d\u00fao, conformado por <strong>Sofia Arevalo (voz y clarinete) y Alma Martinengo (guitarra y voz) estar\u00e1n sumando su repertorio de m\u00fasica propia.<\/strong><\/p>\n<p>&nbsp;<\/p>\n<p>Y, por \u00faltimo, <strong>Gabriela Niebla (voz) y Luciano Mangudo (guitarra y voz), har\u00e1n covers de artistas internacionales y latinoamericanos, incorporando tambi\u00e9n algunos temas propios.<\/strong><\/p>\n<p>&nbsp;<\/p>\n<p>Todo<strong> ser\u00e1 a partir de las 21 y las entradas pueden adquirirse en la boleter\u00eda del Teatro Municipal <\/strong>(de lunes a viernes de 9 a 12), o comunic\u00e1ndose al 2284 52 3050.<\/p>\n","protected":false},"excerpt":{"rendered":"<p>Ser\u00e1 el pr\u00f3ximo viernes desde las 21 del cual tomar\u00e1n partes tres d\u00faos de nuestra ciudad.<\/p>\n","protected":false},"author":3,"featured_media":29159,"comment_status":"closed","ping_status":"closed","sticky":false,"template":"","format":"standard","meta":{"_jetpack_memberships_contains_paid_content":false,"footnotes":""},"categories":[9,1],"tags":[],"class_list":["post-29158","post","type-post","status-publish","format-standard","has-post-thumbnail","hentry","category-cultura","category-portada"],"jetpack_featured_media_url":"https:\/\/i0.wp.com\/cdnoticias.com\/wp-content\/uploads\/2021\/08\/dos-por-tres.jpg?fit=800%2C445&ssl=1","jetpack_sharing_enabled":true,"_links":{"self":[{"href":"https:\/\/cdnoticias.com\/index.php\/wp-json\/wp\/v2\/posts\/29158","targetHints":{"allow":["GET"]}}],"collection":[{"href":"https:\/\/cdnoticias.com\/index.php\/wp-json\/wp\/v2\/posts"}],"about":[{"href":"https:\/\/cdnoticias.com\/index.php\/wp-json\/wp\/v2\/types\/post"}],"author":[{"embeddable":true,"href":"https:\/\/cdnoticias.com\/index.php\/wp-json\/wp\/v2\/users\/3"}],"replies":[{"embeddable":true,"href":"https:\/\/cdnoticias.com\/index.php\/wp-json\/wp\/v2\/comments?post=29158"}],"version-history":[{"count":0,"href":"https:\/\/cdnoticias.com\/index.php\/wp-json\/wp\/v2\/posts\/29158\/revisions"}],"wp:featuredmedia":[{"embeddable":true,"href":"https:\/\/cdnoticias.com\/index.php\/wp-json\/wp\/v2\/media\/29159"}],"wp:attachment":[{"href":"https:\/\/cdnoticias.com\/index.php\/wp-json\/wp\/v2\/media?parent=29158"}],"wp:term":[{"taxonomy":"category","embeddable":true,"href":"https:\/\/cdnoticias.com\/index.php\/wp-json\/wp\/v2\/categories?post=29158"},{"taxonomy":"post_tag","embeddable":true,"href":"https:\/\/cdnoticias.com\/index.php\/wp-json\/wp\/v2\/tags?post=29158"}],"curies":[{"name":"wp","href":"https:\/\/api.w.org\/{rel}","templated":true}]}}