{"id":29106,"date":"2021-08-10T13:31:32","date_gmt":"2021-08-10T16:31:32","guid":{"rendered":"http:\/\/www.centraldenoticias.com.ar\/?p=29106"},"modified":"2021-08-10T13:31:32","modified_gmt":"2021-08-10T16:31:32","slug":"el-frente-renovador-organiza-una-colecta-de-juguetes-y-golosinas","status":"publish","type":"post","link":"https:\/\/cdnoticias.com\/index.php\/2021\/08\/10\/el-frente-renovador-organiza-una-colecta-de-juguetes-y-golosinas\/","title":{"rendered":"El Frente Renovador organiza una colecta de juguetes y golosinas"},"content":{"rendered":"<p>El Foro Social del Foro Olavarr\u00eda y La Renovadora Olavarr\u00eda, espacio juvenil del Frente Renovador, abrieron la convocatoria para recibir donaciones de juguetes y golosinas para celebrar el pr\u00f3ximo D\u00eda de las Infancias.<!--more--><\/p>\n<hr \/>\n<p>En el marco de la celebraci\u00f3n por el D\u00eda de las Infancias, <strong>el Foro Social del Foro Olavarr\u00eda y La Renovadora Olavarr\u00eda comenzaron una colecta de juguetes y golosinas.<\/strong> Las colaboraciones ser\u00e1n recibidas en la Casa Eduardo \u201cChino\u201d Correa, sede del Foro Olavarr\u00eda &#8211; Frente Renovador, ubicada en Belgrano 3222. El horario de atenci\u00f3n es de lunes a viernes de 9 a 12 horas.<\/p>\n<p>&nbsp;<\/p>\n<p>Cintia Abrisqueta, integrante del Foro Social del Foro Olavarr\u00eda, explic\u00f3 que <em>\u201cbuscamos que este D\u00eda de las Infancias m\u00e1s ni\u00f1os y ni\u00f1as puedan celebrarlo y recibir un regalo\u201d<\/em>. Por este motivo,<strong><em> \u201cllamamos a la solidaridad de vecinos y vecinas para que la donaci\u00f3n de alg\u00fan juguete o golosinas a la Casa Eduardo \u201cChino\u201d Correa\u201d<\/em><\/strong>, se\u00f1al\u00f3 Abrisqueta.<\/p>\n<p>&nbsp;<\/p>\n<p><img data-recalc-dims=\"1\" loading=\"lazy\" decoding=\"async\" class=\"alignnone size-full wp-image-29108\" src=\"https:\/\/i0.wp.com\/cdnoticias.com\/wp-content\/uploads\/2021\/08\/D%C3%ADa-de-las-Infancias-1.jpg?resize=800%2C800&#038;ssl=1\" alt=\"\" width=\"800\" height=\"800\" srcset=\"https:\/\/i0.wp.com\/cdnoticias.com\/wp-content\/uploads\/2021\/08\/D%C3%ADa-de-las-Infancias-1.jpg?w=800&amp;ssl=1 800w, https:\/\/i0.wp.com\/cdnoticias.com\/wp-content\/uploads\/2021\/08\/D%C3%ADa-de-las-Infancias-1.jpg?resize=150%2C150&amp;ssl=1 150w, https:\/\/i0.wp.com\/cdnoticias.com\/wp-content\/uploads\/2021\/08\/D%C3%ADa-de-las-Infancias-1.jpg?resize=300%2C300&amp;ssl=1 300w, https:\/\/i0.wp.com\/cdnoticias.com\/wp-content\/uploads\/2021\/08\/D%C3%ADa-de-las-Infancias-1.jpg?resize=768%2C768&amp;ssl=1 768w\" sizes=\"auto, (max-width: 800px) 100vw, 800px\" \/><\/p>\n<p>&nbsp;<\/p>\n<p>Por su parte, Liz Herrera, coordinadora del Foro Social del Foro Olavarr\u00eda, agreg\u00f3 que<em> \u201cel D\u00eda de las Infancias es una fecha que nos convoca a reflexionar sobre lo que significa ser ni\u00f1o, ni\u00f1a o ni\u00f1e en nuestras sociedades\u201d. <strong>\u201cTambi\u00e9n es un d\u00eda en el que nuestras infancias son protagonistas y celebramos sus derechos a trav\u00e9s del juego y la recreaci\u00f3n\u201d<\/strong><\/em>, sostuvo Herrera.<\/p>\n<p>&nbsp;<\/p>\n<p>A lo dicho anteriormente, la coordinadora del Foro Social del Foro Olavarr\u00eda enfatiz\u00f3 en que<strong><em> \u201ccon esta iniciativa buscamos que m\u00e1s infancias de Olavarr\u00eda celebren su d\u00eda\u201d.<\/em><\/strong><\/p>\n","protected":false},"excerpt":{"rendered":"<p>El Foro Social del Foro Olavarr\u00eda y La Renovadora Olavarr\u00eda, espacio juvenil del Frente Renovador, abrieron la convocatoria para recibir<\/p>\n","protected":false},"author":2,"featured_media":29107,"comment_status":"closed","ping_status":"closed","sticky":false,"template":"","format":"standard","meta":{"_jetpack_memberships_contains_paid_content":false,"footnotes":""},"categories":[5,1],"tags":[],"class_list":["post-29106","post","type-post","status-publish","format-standard","has-post-thumbnail","hentry","category-informacion-general","category-portada"],"jetpack_featured_media_url":"https:\/\/i0.wp.com\/cdnoticias.com\/wp-content\/uploads\/2021\/08\/D%C3%ADa-de-las-Infancias.jpg?fit=796%2C391&ssl=1","jetpack_sharing_enabled":true,"_links":{"self":[{"href":"https:\/\/cdnoticias.com\/index.php\/wp-json\/wp\/v2\/posts\/29106","targetHints":{"allow":["GET"]}}],"collection":[{"href":"https:\/\/cdnoticias.com\/index.php\/wp-json\/wp\/v2\/posts"}],"about":[{"href":"https:\/\/cdnoticias.com\/index.php\/wp-json\/wp\/v2\/types\/post"}],"author":[{"embeddable":true,"href":"https:\/\/cdnoticias.com\/index.php\/wp-json\/wp\/v2\/users\/2"}],"replies":[{"embeddable":true,"href":"https:\/\/cdnoticias.com\/index.php\/wp-json\/wp\/v2\/comments?post=29106"}],"version-history":[{"count":0,"href":"https:\/\/cdnoticias.com\/index.php\/wp-json\/wp\/v2\/posts\/29106\/revisions"}],"wp:featuredmedia":[{"embeddable":true,"href":"https:\/\/cdnoticias.com\/index.php\/wp-json\/wp\/v2\/media\/29107"}],"wp:attachment":[{"href":"https:\/\/cdnoticias.com\/index.php\/wp-json\/wp\/v2\/media?parent=29106"}],"wp:term":[{"taxonomy":"category","embeddable":true,"href":"https:\/\/cdnoticias.com\/index.php\/wp-json\/wp\/v2\/categories?post=29106"},{"taxonomy":"post_tag","embeddable":true,"href":"https:\/\/cdnoticias.com\/index.php\/wp-json\/wp\/v2\/tags?post=29106"}],"curies":[{"name":"wp","href":"https:\/\/api.w.org\/{rel}","templated":true}]}}