{"id":29070,"date":"2021-08-10T08:31:58","date_gmt":"2021-08-10T11:31:58","guid":{"rendered":"http:\/\/www.centraldenoticias.com.ar\/?p=29070"},"modified":"2021-08-10T11:55:15","modified_gmt":"2021-08-10T14:55:15","slug":"ruben-oscar-masson-q-e-p-d","status":"publish","type":"post","link":"https:\/\/cdnoticias.com\/index.php\/2021\/08\/10\/ruben-oscar-masson-q-e-p-d\/","title":{"rendered":"Rub\u00e9n Oscar Masson (Q.E.P.D.)"},"content":{"rendered":"<p>Falleci\u00f3 en Colonia Hinojo el d\u00eda 9 de julio de 2021 a los 80 a\u00f1os de edad.<\/p>\n<p>&nbsp;<\/p>\n<p>Sus hijos: Dar\u00edo y Aldo. Sus hijas pol\u00edticas: Guillermina y Mirtha. Sus nietos: Evelyn, Karen y Mat\u00edas; Lucas, Stefan\u00eda y Jennifer. Sus nietos pol\u00edticos: N\u00e9stor ,Mat\u00edas, Pilar, Mat\u00edas, Bernab\u00e9 y Kiara. Su bisnieto: Viggo. Sus hermanos, hermanos pol\u00edticos, sobrinos y dem\u00e1s deudos participan su fallecimiento.<\/p>\n<p>&nbsp;<\/p>\n<p>Sin velatorio. Responso: Cementerio Municipal de Hinojo. Inhumaci\u00f3n: Cementerio de Hinojo, martes 10 de agosto a las 14.30.<\/p>\n<p>&nbsp;<\/p>\n<p>Barrio en el que viv\u00eda: Colonia Hinojo.<\/p>\n<p>&nbsp;<\/p>\n<p>Lugar de nacimiento: Azul.<\/p>\n<p>&nbsp;<\/p>\n<p>Actividad que desarrollaba: Productor Agropecuario Jubilado.<\/p>\n","protected":false},"excerpt":{"rendered":"<p>Falleci\u00f3 en Colonia Hinojo el d\u00eda 9 de julio de 2021 a los 80 a\u00f1os de edad. &nbsp; Sus hijos:<\/p>\n","protected":false},"author":4,"featured_media":0,"comment_status":"closed","ping_status":"closed","sticky":false,"template":"","format":"standard","meta":{"_jetpack_memberships_contains_paid_content":false,"footnotes":""},"categories":[10],"tags":[],"class_list":["post-29070","post","type-post","status-publish","format-standard","hentry","category-necrologicas"],"jetpack_featured_media_url":"","jetpack_sharing_enabled":true,"_links":{"self":[{"href":"https:\/\/cdnoticias.com\/index.php\/wp-json\/wp\/v2\/posts\/29070","targetHints":{"allow":["GET"]}}],"collection":[{"href":"https:\/\/cdnoticias.com\/index.php\/wp-json\/wp\/v2\/posts"}],"about":[{"href":"https:\/\/cdnoticias.com\/index.php\/wp-json\/wp\/v2\/types\/post"}],"author":[{"embeddable":true,"href":"https:\/\/cdnoticias.com\/index.php\/wp-json\/wp\/v2\/users\/4"}],"replies":[{"embeddable":true,"href":"https:\/\/cdnoticias.com\/index.php\/wp-json\/wp\/v2\/comments?post=29070"}],"version-history":[{"count":0,"href":"https:\/\/cdnoticias.com\/index.php\/wp-json\/wp\/v2\/posts\/29070\/revisions"}],"wp:attachment":[{"href":"https:\/\/cdnoticias.com\/index.php\/wp-json\/wp\/v2\/media?parent=29070"}],"wp:term":[{"taxonomy":"category","embeddable":true,"href":"https:\/\/cdnoticias.com\/index.php\/wp-json\/wp\/v2\/categories?post=29070"},{"taxonomy":"post_tag","embeddable":true,"href":"https:\/\/cdnoticias.com\/index.php\/wp-json\/wp\/v2\/tags?post=29070"}],"curies":[{"name":"wp","href":"https:\/\/api.w.org\/{rel}","templated":true}]}}