{"id":29060,"date":"2021-08-09T21:08:21","date_gmt":"2021-08-10T00:08:21","guid":{"rendered":"http:\/\/www.centraldenoticias.com.ar\/?p=29060"},"modified":"2021-08-10T08:23:27","modified_gmt":"2021-08-10T11:23:27","slug":"mas-de-300-jovenes-de-12-a-17-anos-fueron-vacunados-este-lunes-en-olavarria","status":"publish","type":"post","link":"https:\/\/cdnoticias.com\/index.php\/2021\/08\/09\/mas-de-300-jovenes-de-12-a-17-anos-fueron-vacunados-este-lunes-en-olavarria\/","title":{"rendered":"M\u00e1s de 300 j\u00f3venes de 12 a 17 a\u00f1os fueron vacunados este lunes en Olavarr\u00eda"},"content":{"rendered":"<p>Se trata de la primera jornada de vacunaci\u00f3n para este grupo etario. Adem\u00e1s, se aplicaron 740 dosis en el resto de las postas sanitarias.<!--more--><\/p>\n<hr \/>\n<p>Este lunes se aplicaron <strong>316 primeras dosis en el Servicio Territorial N\u00b02, posta habilitada para la inoculaci\u00f3n con turno previo de menores de 12 a 17 a\u00f1os.<\/strong> De este modo se inici\u00f3 la primera jornada de vacunaci\u00f3n a ese grupo y se prioriz\u00f3 a quienes tienen factores de riesgo.<\/p>\n<p>&nbsp;<\/p>\n<p>Se recuerda que contin\u00faa la inscripci\u00f3n a menores de 12 a 17 a\u00f1os a trav\u00e9s del <a href=\"https:\/\/vacunatepba.gba.gob.ar\/\" target=\"_blank\" rel=\"noopener\">sitio web Vacunate<\/a> para obtener para obtuvieron el turno correspondiente y recibir la primera dosis y priorizando a quienes pertenecen a grupos de riesgo.<\/p>\n<p>&nbsp;<\/p>\n<p><img data-recalc-dims=\"1\" loading=\"lazy\" decoding=\"async\" class=\"alignnone size-full wp-image-29064\" src=\"https:\/\/i0.wp.com\/cdnoticias.com\/wp-content\/uploads\/2021\/08\/WhatsApp-Image-2021-08-09-at-20.59.22.jpeg?resize=800%2C492&#038;ssl=1\" alt=\"\" width=\"800\" height=\"492\" srcset=\"https:\/\/i0.wp.com\/cdnoticias.com\/wp-content\/uploads\/2021\/08\/WhatsApp-Image-2021-08-09-at-20.59.22.jpeg?w=1280&amp;ssl=1 1280w, https:\/\/i0.wp.com\/cdnoticias.com\/wp-content\/uploads\/2021\/08\/WhatsApp-Image-2021-08-09-at-20.59.22.jpeg?resize=300%2C184&amp;ssl=1 300w, https:\/\/i0.wp.com\/cdnoticias.com\/wp-content\/uploads\/2021\/08\/WhatsApp-Image-2021-08-09-at-20.59.22.jpeg?resize=768%2C472&amp;ssl=1 768w, https:\/\/i0.wp.com\/cdnoticias.com\/wp-content\/uploads\/2021\/08\/WhatsApp-Image-2021-08-09-at-20.59.22.jpeg?resize=1024%2C630&amp;ssl=1 1024w\" sizes=\"auto, (max-width: 800px) 100vw, 800px\" \/><\/p>\n<p>Por otra parte, durante la jornada <strong>se realizaron 740 aplicaciones<\/strong>: en el Centro Cultural Universitario se vacunaron 168 personas con primer componente, en la Facultad de Ciencias de la Salud se inocularon 224 personas, 8 recibieron la primera dosis y 216 el segundo componente; y en la Mutual Carlos Alberto Moreno de Suteba se realizaron 32 aplicaciones, de las cuales 20 fueron de primer componente y 12 segundas dosis.<\/p>\n<p>&nbsp;<\/p>\n<p><img data-recalc-dims=\"1\" loading=\"lazy\" decoding=\"async\" class=\"alignnone size-full wp-image-29061\" src=\"https:\/\/i0.wp.com\/cdnoticias.com\/wp-content\/uploads\/2021\/08\/WhatsApp-Image-2021-08-09-at-20.59.25.jpeg?resize=800%2C524&#038;ssl=1\" alt=\"\" width=\"800\" height=\"524\" srcset=\"https:\/\/i0.wp.com\/cdnoticias.com\/wp-content\/uploads\/2021\/08\/WhatsApp-Image-2021-08-09-at-20.59.25.jpeg?w=1280&amp;ssl=1 1280w, https:\/\/i0.wp.com\/cdnoticias.com\/wp-content\/uploads\/2021\/08\/WhatsApp-Image-2021-08-09-at-20.59.25.jpeg?resize=300%2C196&amp;ssl=1 300w, https:\/\/i0.wp.com\/cdnoticias.com\/wp-content\/uploads\/2021\/08\/WhatsApp-Image-2021-08-09-at-20.59.25.jpeg?resize=768%2C503&amp;ssl=1 768w, https:\/\/i0.wp.com\/cdnoticias.com\/wp-content\/uploads\/2021\/08\/WhatsApp-Image-2021-08-09-at-20.59.25.jpeg?resize=1024%2C670&amp;ssl=1 1024w\" sizes=\"auto, (max-width: 800px) 100vw, 800px\" \/><\/p>\n<p>Adem\u00e1s, sigue la<strong> vacunaci\u00f3n libre para mayores de 18 a\u00f1os<\/strong> que acrediten domicilio en la localidad present\u00e1ndose con su DNI en cualquiera de los centros de vacunaci\u00f3n.<\/p>\n<p>En cuanto a la <strong>aplicaci\u00f3n de segundas dosis, se recuerda que es \u00fanicamente por turnos<\/strong>, por lo que se le pide a los vecinos y vecinas que est\u00e9n atentos a las notificaciones que se env\u00edan desde el Ministerio de Salud provincial.<\/p>\n","protected":false},"excerpt":{"rendered":"<p>Se trata de la primera jornada de vacunaci\u00f3n para este grupo etario. Adem\u00e1s, se aplicaron 740 dosis en el resto<\/p>\n","protected":false},"author":5,"featured_media":29065,"comment_status":"closed","ping_status":"closed","sticky":false,"template":"","format":"standard","meta":{"_jetpack_memberships_contains_paid_content":false,"footnotes":""},"categories":[16,1],"tags":[],"class_list":["post-29060","post","type-post","status-publish","format-standard","has-post-thumbnail","hentry","category-covid-19","category-portada"],"jetpack_featured_media_url":"https:\/\/i0.wp.com\/cdnoticias.com\/wp-content\/uploads\/2021\/08\/WhatsApp-Image-2021-08-09-at-20.59.21.jpeg?fit=1280%2C788&ssl=1","jetpack_sharing_enabled":true,"_links":{"self":[{"href":"https:\/\/cdnoticias.com\/index.php\/wp-json\/wp\/v2\/posts\/29060","targetHints":{"allow":["GET"]}}],"collection":[{"href":"https:\/\/cdnoticias.com\/index.php\/wp-json\/wp\/v2\/posts"}],"about":[{"href":"https:\/\/cdnoticias.com\/index.php\/wp-json\/wp\/v2\/types\/post"}],"author":[{"embeddable":true,"href":"https:\/\/cdnoticias.com\/index.php\/wp-json\/wp\/v2\/users\/5"}],"replies":[{"embeddable":true,"href":"https:\/\/cdnoticias.com\/index.php\/wp-json\/wp\/v2\/comments?post=29060"}],"version-history":[{"count":0,"href":"https:\/\/cdnoticias.com\/index.php\/wp-json\/wp\/v2\/posts\/29060\/revisions"}],"wp:featuredmedia":[{"embeddable":true,"href":"https:\/\/cdnoticias.com\/index.php\/wp-json\/wp\/v2\/media\/29065"}],"wp:attachment":[{"href":"https:\/\/cdnoticias.com\/index.php\/wp-json\/wp\/v2\/media?parent=29060"}],"wp:term":[{"taxonomy":"category","embeddable":true,"href":"https:\/\/cdnoticias.com\/index.php\/wp-json\/wp\/v2\/categories?post=29060"},{"taxonomy":"post_tag","embeddable":true,"href":"https:\/\/cdnoticias.com\/index.php\/wp-json\/wp\/v2\/tags?post=29060"}],"curies":[{"name":"wp","href":"https:\/\/api.w.org\/{rel}","templated":true}]}}