{"id":29057,"date":"2021-08-09T19:27:34","date_gmt":"2021-08-09T22:27:34","guid":{"rendered":"http:\/\/www.centraldenoticias.com.ar\/?p=29057"},"modified":"2021-08-09T21:08:56","modified_gmt":"2021-08-10T00:08:56","slug":"el-frente-de-izquierda-y-el-objetivo-de-ser-la-tercera-fuerza-en-las-legislativas","status":"publish","type":"post","link":"https:\/\/cdnoticias.com\/index.php\/2021\/08\/09\/el-frente-de-izquierda-y-el-objetivo-de-ser-la-tercera-fuerza-en-las-legislativas\/","title":{"rendered":"El Frente de Izquierda y el objetivo de ser la \u201ctercera fuerza\u201d en las legislativas"},"content":{"rendered":"<p>Nicol\u00e1s del Ca\u00f1o y Yessica Almeida presentaron \u201cla propuesta del Frente de Izquierda y de los Trabajadores \u2013 Unidad\u201d de cara a las pr\u00f3ximas elecciones. La importancia de consolidar el espacio. Vivienda, salud y g\u00e9nero entre los ejes principales.<!--more--><\/p>\n<hr \/>\n<p>Este lunes<strong>, Nicol\u00e1s del Ca\u00f1o, primer precandidato a diputado nacional por el Frente de Izquierda<\/strong> lleg\u00f3 a nuestra ciudad para mostrar su propuesta y plataforma legislativa. Estuvo acompa\u00f1ado por la candidata a nivel local Yessica Almeida y el precandidato a senador en segundo lugar por la s\u00e9ptica secci\u00f3n electoral, Agust\u00edn Mestralet.<\/p>\n<p>&nbsp;<\/p>\n<p><strong><em>\u201cLograr una banca podr\u00eda generar un verdadero cambio\u201d<\/em><\/strong>, se\u00f1al\u00f3 en primer lugar Yessica Almeida y resalt\u00f3 el objetivo de <strong><em>\u201csuperar ese casi 5% del 2013\u201d.<\/em><\/strong> Hizo hincapi\u00e9 en la consolidaci\u00f3n de una tercera fuerza y desarroll\u00f3 dentro de los temas centrales de la campa\u00f1a, las problem\u00e1ticas respecto a <strong>h\u00e1bitat y salud.<\/strong><\/p>\n<p>&nbsp;<\/p>\n<p><img data-recalc-dims=\"1\" loading=\"lazy\" decoding=\"async\" class=\"alignnone size-full wp-image-29053\" src=\"https:\/\/i0.wp.com\/cdnoticias.com\/wp-content\/uploads\/2021\/08\/WhatsApp-Image-2021-08-09-at-18.54.20.jpeg?resize=800%2C533&#038;ssl=1\" alt=\"\" width=\"800\" height=\"533\" srcset=\"https:\/\/i0.wp.com\/cdnoticias.com\/wp-content\/uploads\/2021\/08\/WhatsApp-Image-2021-08-09-at-18.54.20.jpeg?w=1599&amp;ssl=1 1599w, https:\/\/i0.wp.com\/cdnoticias.com\/wp-content\/uploads\/2021\/08\/WhatsApp-Image-2021-08-09-at-18.54.20.jpeg?resize=300%2C200&amp;ssl=1 300w, https:\/\/i0.wp.com\/cdnoticias.com\/wp-content\/uploads\/2021\/08\/WhatsApp-Image-2021-08-09-at-18.54.20.jpeg?resize=768%2C512&amp;ssl=1 768w, https:\/\/i0.wp.com\/cdnoticias.com\/wp-content\/uploads\/2021\/08\/WhatsApp-Image-2021-08-09-at-18.54.20.jpeg?resize=1024%2C683&amp;ssl=1 1024w, https:\/\/i0.wp.com\/cdnoticias.com\/wp-content\/uploads\/2021\/08\/WhatsApp-Image-2021-08-09-at-18.54.20.jpeg?resize=272%2C182&amp;ssl=1 272w\" sizes=\"auto, (max-width: 800px) 100vw, 800px\" \/><\/p>\n<p>&nbsp;<\/p>\n<p>Por su parte, <strong>Nicol\u00e1s del Ca\u00f1o<\/strong> afirm\u00f3 que<em> \u201cha sido una coherencia lo que nos ha destacado estos diez a\u00f1os\u201d<\/em> y se centraliz\u00f3 en<em> \u201clas consignas que vamos a defender solo nosotros\u201d<\/em>: <strong>vivienda, sueldos dignos, reducci\u00f3n de la jornada laboral y violencia de g\u00e9nero, entre otros.<\/strong><\/p>\n<p>&nbsp;<\/p>\n<p>Asegur\u00f3 que <em>\u201cest\u00e1 campa\u00f1a de las PASO vamos a posicionarnos de cara a las generales\u201d<\/em> con el objetivo de <em>\u201cser una tercera fuerza en la provincia y en el pa\u00eds\u201d<\/em> y agreg\u00f3: <strong><em>\u201cnecesitamos fortalecer la izquierda para fortalecer las luchas que van a venir\u201d.<\/em><\/strong><\/p>\n","protected":false},"excerpt":{"rendered":"<p>Nicol\u00e1s del Ca\u00f1o y Yessica Almeida presentaron \u201cla propuesta del Frente de Izquierda y de los Trabajadores \u2013 Unidad\u201d de<\/p>\n","protected":false},"author":5,"featured_media":29049,"comment_status":"closed","ping_status":"closed","sticky":false,"template":"","format":"standard","meta":{"_jetpack_memberships_contains_paid_content":false,"footnotes":""},"categories":[4,1],"tags":[],"class_list":["post-29057","post","type-post","status-publish","format-standard","has-post-thumbnail","hentry","category-politica","category-portada"],"jetpack_featured_media_url":"https:\/\/i0.wp.com\/cdnoticias.com\/wp-content\/uploads\/2021\/08\/WhatsApp-Image-2021-08-09-at-18.46.32-1.jpeg?fit=1599%2C1066&ssl=1","jetpack_sharing_enabled":true,"_links":{"self":[{"href":"https:\/\/cdnoticias.com\/index.php\/wp-json\/wp\/v2\/posts\/29057","targetHints":{"allow":["GET"]}}],"collection":[{"href":"https:\/\/cdnoticias.com\/index.php\/wp-json\/wp\/v2\/posts"}],"about":[{"href":"https:\/\/cdnoticias.com\/index.php\/wp-json\/wp\/v2\/types\/post"}],"author":[{"embeddable":true,"href":"https:\/\/cdnoticias.com\/index.php\/wp-json\/wp\/v2\/users\/5"}],"replies":[{"embeddable":true,"href":"https:\/\/cdnoticias.com\/index.php\/wp-json\/wp\/v2\/comments?post=29057"}],"version-history":[{"count":0,"href":"https:\/\/cdnoticias.com\/index.php\/wp-json\/wp\/v2\/posts\/29057\/revisions"}],"wp:featuredmedia":[{"embeddable":true,"href":"https:\/\/cdnoticias.com\/index.php\/wp-json\/wp\/v2\/media\/29049"}],"wp:attachment":[{"href":"https:\/\/cdnoticias.com\/index.php\/wp-json\/wp\/v2\/media?parent=29057"}],"wp:term":[{"taxonomy":"category","embeddable":true,"href":"https:\/\/cdnoticias.com\/index.php\/wp-json\/wp\/v2\/categories?post=29057"},{"taxonomy":"post_tag","embeddable":true,"href":"https:\/\/cdnoticias.com\/index.php\/wp-json\/wp\/v2\/tags?post=29057"}],"curies":[{"name":"wp","href":"https:\/\/api.w.org\/{rel}","templated":true}]}}