{"id":29040,"date":"2021-08-09T20:29:53","date_gmt":"2021-08-09T23:29:53","guid":{"rendered":"http:\/\/www.centraldenoticias.com.ar\/?p=29040"},"modified":"2021-08-09T20:29:53","modified_gmt":"2021-08-09T23:29:53","slug":"pueblos-originarios-es-una-lucha-que-la-vamos-a-seguir-dando","status":"publish","type":"post","link":"https:\/\/cdnoticias.com\/index.php\/2021\/08\/09\/pueblos-originarios-es-una-lucha-que-la-vamos-a-seguir-dando\/","title":{"rendered":"Pueblos originarios: \u201cEs una lucha que la vamos a seguir dando\u201d"},"content":{"rendered":"<p>V\u00edctor Hugo Gonz\u00e1lez Catriel fue entrevistado por Radio Universidad en el marco del D\u00eda Internacional de los Pueblos Originarios y revel\u00f3 que \u201cse est\u00e1 plateando una movilizaci\u00f3n a nivel nacional\u201d ante la falta de respuestas a diversos\u00a0 reclamos.<!--more--><\/p>\n<hr \/>\n<p><strong>\u201cEs muy poca la respuesta que hemos tenido\u201d<\/strong>, enfatiz\u00f3 en reiteradas ocasiones V\u00edctor Hugo Gonz\u00e1lez Catriel, representante de pueblos originarios de la comunidad Pe\u00f1i Mapu y representante en el C onsejo de Participaci\u00f3n Ind\u00edgena Nacional, en el marco de una entrevista realizada este lunes en La Ma\u00f1ana de Radio Universidad en el marco de la conmemoraci\u00f3n del D\u00eda Internaci\u00f3n de los Pueblos Originarios.<\/p>\n<p>&nbsp;<\/p>\n<p><strong>\u201cEs un reconocimiento a los pueblos originarios del mundo, por la lucha que se viene teniendo, \u00a0no solo am\u00e9rica hace m\u00e1s de 521 a\u00f1os, sino de los distintos pueblos originarios del planeta tierra. Y \u00a0la lucha sigue siendo muy dura, pero es una lucha que vamos a seguir dando, se trata seguir recordando los sucesos que se han venido dando\u201d<\/strong>, detall\u00f3 sobre la fecha que se conmemora cada 9 de agosto. La ocasi\u00f3n sirvi\u00f3 para conocer cu\u00e1l es el estado de situaci\u00f3n que atraviesan y all\u00ed no disimul\u00f3 su descontent\u00f3. \u201cEs muy complicado\u201d, inici\u00f3.<\/p>\n<p>&nbsp;<\/p>\n<p><iframe id=\"audio_73855204\" style=\"width: 100%;\" src=\"https:\/\/www.ivoox.com\/player_ej_73855204_6_1.html\" height=\"200\" frameborder=\"0\" scrolling=\"no\" allowfullscreen=\"allowfullscreen\"><\/iframe><\/p>\n<p>&nbsp;<\/p>\n<p>\u201cTenemos un organismo del Estado que es quien deber\u00eda articular con nosotros, el Consejo de Participaci\u00f3n Ind\u00edgena Nacional. Somos 130 representantes de todas las comunidades y pueblos de la Argentina, y es una inacci\u00f3n total en el organismo ese\u201d, reproch\u00f3 a medida que daba cuenta que \u201cdesde que comenz\u00f3 esto he mandado infinidad de notas\u201d.<strong> \u201cEs muy poca la respuesta que hemos tenido\u201d<\/strong>, completo.<\/p>\n<p>&nbsp;<\/p>\n<p>Cultura, educaci\u00f3n, medio ambiente, procesos productivos, son algunos de los temas o esferas vinculadas a cada una de esas iniciativas presentadas, que lejos est\u00e1n de limitarse a las comunidades originarias, seg\u00fan expres\u00f3 Gonz\u00e1lez Catriel. \u201cAs\u00ed es muy dif\u00edcil. Nosotros vemos que organizaciones sociales tienen un apoyo del gobierno, en diferentes aspectos. Y nosotros no\u201d, cuestion\u00f3 mientras narraba que analizan tomar otras posturas en caso de no ser escuchados. <strong>\u201cSe est\u00e1 planteando ahora una movilizaci\u00f3n a nivel nacional, vemos que es la \u00fanica manera que se puede lograr algo\u201d, subray\u00f3. \u201cNo nos va a quedar otra que hacer eso\u201d, sentenci\u00f3<\/strong>.<\/p>\n<p>&nbsp;<\/p>\n<p>\u201cAs\u00ed no es la cosa, hemos llamado a infinidad de lugares y no ten\u00e9s respuesta\u201d, continu\u00f3 y dirigi\u00f3 numerosas cr\u00edticas hacia el Ejecutivo Nacional. Primero por lo dicho en la apertura de sesiones y el reconocimiento hacia los Pueblos Originarios, \u201cya pasaron 4 meses y estamos esperando\u201d, cuestion\u00f3 para luego avanzar sobre los dichos de Alberto Fern\u00e1ndez que causaron mucha repercusi\u00f3n y pol\u00e9mica cuando declar\u00f3 que \u201clos mexicanos salieron de los indios, los brasileros de la selva, pero los argentinos de los barcos\u201d. <strong>\u201cNo se debe olvidar que cuando llegaron los barcos comenz\u00f3 el mayor genocidio del mundo\u201d<\/strong>, reproch\u00f3.<\/p>\n","protected":false},"excerpt":{"rendered":"<p>V\u00edctor Hugo Gonz\u00e1lez Catriel fue entrevistado por Radio Universidad en el marco del D\u00eda Internacional de los Pueblos Originarios y<\/p>\n","protected":false},"author":3,"featured_media":29041,"comment_status":"closed","ping_status":"closed","sticky":false,"template":"","format":"standard","meta":{"_jetpack_memberships_contains_paid_content":false,"footnotes":""},"categories":[5,1],"tags":[],"class_list":["post-29040","post","type-post","status-publish","format-standard","has-post-thumbnail","hentry","category-informacion-general","category-portada"],"jetpack_featured_media_url":"https:\/\/i0.wp.com\/cdnoticias.com\/wp-content\/uploads\/2021\/08\/71198365_10218474225754150_628411070398070784_n-e1628542892617.jpg?fit=1177%2C768&ssl=1","jetpack_sharing_enabled":true,"_links":{"self":[{"href":"https:\/\/cdnoticias.com\/index.php\/wp-json\/wp\/v2\/posts\/29040","targetHints":{"allow":["GET"]}}],"collection":[{"href":"https:\/\/cdnoticias.com\/index.php\/wp-json\/wp\/v2\/posts"}],"about":[{"href":"https:\/\/cdnoticias.com\/index.php\/wp-json\/wp\/v2\/types\/post"}],"author":[{"embeddable":true,"href":"https:\/\/cdnoticias.com\/index.php\/wp-json\/wp\/v2\/users\/3"}],"replies":[{"embeddable":true,"href":"https:\/\/cdnoticias.com\/index.php\/wp-json\/wp\/v2\/comments?post=29040"}],"version-history":[{"count":0,"href":"https:\/\/cdnoticias.com\/index.php\/wp-json\/wp\/v2\/posts\/29040\/revisions"}],"wp:featuredmedia":[{"embeddable":true,"href":"https:\/\/cdnoticias.com\/index.php\/wp-json\/wp\/v2\/media\/29041"}],"wp:attachment":[{"href":"https:\/\/cdnoticias.com\/index.php\/wp-json\/wp\/v2\/media?parent=29040"}],"wp:term":[{"taxonomy":"category","embeddable":true,"href":"https:\/\/cdnoticias.com\/index.php\/wp-json\/wp\/v2\/categories?post=29040"},{"taxonomy":"post_tag","embeddable":true,"href":"https:\/\/cdnoticias.com\/index.php\/wp-json\/wp\/v2\/tags?post=29040"}],"curies":[{"name":"wp","href":"https:\/\/api.w.org\/{rel}","templated":true}]}}