{"id":2904,"date":"2020-10-01T09:02:43","date_gmt":"2020-10-01T12:02:43","guid":{"rendered":"http:\/\/www.centraldenoticias.com.ar\/?p=2904"},"modified":"2020-10-01T09:03:19","modified_gmt":"2020-10-01T12:03:19","slug":"caribe-salsa-y-natalia-bravo-en-vivo-y-a-la-gorra-digital","status":"publish","type":"post","link":"https:\/\/cdnoticias.com\/index.php\/2020\/10\/01\/caribe-salsa-y-natalia-bravo-en-vivo-y-a-la-gorra-digital\/","title":{"rendered":"Caribe Salsa y Natalia Bravo, en vivo y a la gorra digital"},"content":{"rendered":"<p>Este jueves a las 21 se abre la tercera temporada del ciclo. Se podr\u00e1 seguir a trav\u00e9s de YouTube y Facebook Live. Adem\u00e1s, se difundi\u00f3 la cartelera de shows de todo el mes.<!--more--><\/p>\n<hr \/>\n<p>El Foro Olavarr\u00eda dar\u00e1 continuidad a la <strong>tercera temporada del exitoso ciclo \u201cArtistas locales en vivo y a la gorra digital\u201d con el show de Caribe Salsa y la cantante Natalia Bravo este jueves, a las 21 a trav\u00e9s de YouTube y Facebook Live.<\/strong><\/p>\n<p>La tercera temporada del ciclo Artistas Locales en VIVO y a la gorra digital abrir\u00e1 este jueves desde las 21 con un <strong>show musical y danzas de ritmos caribe\u00f1os<\/strong> con la participaci\u00f3n de Caribe Salsa, integrado por<strong> Silvina Aury y Gast\u00f3n Navarro, la cantante Natalia Bravo y la conducci\u00f3n de Rauly Z\u00e1rate<\/strong>.<\/p>\n<p>Gast\u00f3n Navarro y Silvina Aury, representantes y profes de<strong> la escuela Caribe Salsa<\/strong>, contin\u00faan el trabajo del gran maestro Miguel Arauco, quien trajo los ritmos caribe\u00f1os, de la salsa tradicional cubana y bachata dominicana, entre otros g\u00e9neros, a la ciudad de Olavarr\u00eda. Gast\u00f3n Navarro, comenz\u00f3 capacit\u00e1ndose en el a\u00f1o 2002, en el g\u00e9nero ritmos caribe\u00f1os. En el a\u00f1o 2004, sigui\u00f3 perfeccion\u00e1ndose como alumno, con Miguel Arauco, durante 9 a\u00f1os, hasta su deceso en 2013. Ya por el 2014 comenz\u00f3 a dar clases en la escuela Caribe Salsa, transmitiendo los conocimientos adquiridos.<\/p>\n<p>Por su parte, Silvina Aury comenz\u00f3 en el g\u00e9nero Samba (brasilero), en el a\u00f1o 2013, participando a su vez en los carnavales. A mitad del a\u00f1o 2014, comenz\u00f3 en el g\u00e9nero de ritmos caribe\u00f1os, en la escuela Caribe Salsa. Desde hace tres a\u00f1os han formado un equipo, como bailarina y representante, junto a Gast\u00f3n Navarro.<\/p>\n<p>Durante <strong>el show y master class<\/strong>, tambi\u00e9n participar\u00e1 la cantante local <strong>Natalia Bravo con la interpretaci\u00f3n de dos temas del g\u00e9nero bachat<\/strong>a.<\/p>\n<p><img data-recalc-dims=\"1\" loading=\"lazy\" decoding=\"async\" class=\"aligncenter wp-image-2906\" src=\"https:\/\/i0.wp.com\/cdnoticias.com\/wp-content\/uploads\/2020\/10\/vivonataliabravo-2-1.jpg?resize=600%2C376&#038;ssl=1\" alt=\"\" width=\"600\" height=\"376\" srcset=\"https:\/\/i0.wp.com\/cdnoticias.com\/wp-content\/uploads\/2020\/10\/vivonataliabravo-2-1.jpg?resize=300%2C188&amp;ssl=1 300w, https:\/\/i0.wp.com\/cdnoticias.com\/wp-content\/uploads\/2020\/10\/vivonataliabravo-2-1.jpg?resize=768%2C481&amp;ssl=1 768w, https:\/\/i0.wp.com\/cdnoticias.com\/wp-content\/uploads\/2020\/10\/vivonataliabravo-2-1.jpg?w=800&amp;ssl=1 800w\" sizes=\"auto, (max-width: 600px) 100vw, 600px\" \/><\/p>\n<blockquote><p>Se detall\u00f3 que \u201cel show art\u00edstico fue grabado el pasado martes en el escenario de la Sociedad de Fomento Mariano Moreno, sin p\u00fablico y bajos los protocolos de bioseguridad para COVID-19 y la emisi\u00f3n contar\u00e1 con la conducci\u00f3n en vivo desde su casa de Rauly Zarate, todo bajo la coordinaci\u00f3n t\u00e9cnica de Agust\u00edn Alfonzo\u201d.<\/p><\/blockquote>\n<p><strong>La gorra digital<\/strong><\/p>\n<p>Desde el Foro Olavarr\u00eda se indic\u00f3 que todos pueden ingresar a ver los vivos de los artistas locales de manera gratuita. <strong>La retribuci\u00f3n a los artistas es a voluntad de los espectadores (Gorra Digital) y se canaliza a trav\u00e9s de Mercado Pago<\/strong>.<\/p>\n<p>El espectador puede hacer uno o varios pagos de $ 100 durante el vivo o en los d\u00edas posteriores, con su tarjeta de D\u00e9bito o Cr\u00e9dito. Para facilitar dicho aporte, durante la transmisi\u00f3n del vivo se publica el C\u00f3digo QR en pantalla y el link de Mercado Pago.<\/p>\n<p>Es muy importante destacar que ese aporte <strong>se deposita directamente a la cuenta bancaria del artista<\/strong>, sin ning\u00fan tipo de intermediaci\u00f3n de la organizaci\u00f3n.<\/p>\n<p><strong>La tercera temporada del Ciclo<\/strong><\/p>\n<p>El Concejal Eduardo Rodr\u00edguez expres\u00f3 que <strong>el ciclo \u201cArtistas locales en vivo y a la gorra digital\u201d cumpli\u00f3 cuatro meses con sus dos primeras temporadas<\/strong> y desde su inicio el 21 de mayo a la fecha han participado <strong>m\u00e1s de 50 artistas locales<\/strong> que protagonizaron 24 propuestas.<\/p>\n<p>Para <strong>la tercera temporada<\/strong>, la cartelera del mes de octubre es la siguiente para<strong> el ciclo a las 21 hs<\/strong>:<\/p>\n<p>*jueves 1, Caribe Salsa y el show musical de Natalia Bravo, desde la Sociedad de Fomento Mariano Moreno.<\/p>\n<p>*jueves 8, con Mar\u00edalejandra D\u00edaz Rold\u00e1n desde El Port\u00f3n del Arte;<\/p>\n<p>*jueves 15, Juli Bibiloni, recital ac\u00fastico de m\u00fasica;<\/p>\n<p>*jueves 22, Samuel Carabajal y Santiago de la Vega, recital ac\u00fastico;<\/p>\n<p>*jueves 29, Adriana Saravia y Gabriel Larr\u00e1z, recital ac\u00fastico.<\/p>\n<p><strong>La cartelera para los especiales de las 22 hs:<\/strong><\/p>\n<p>*s\u00e1bado 10, Daniel Otino \u00cdntimo, desde Complejo Norte.<\/p>\n<p>*s\u00e1bado 17, \u00c9pocas, Show musical para toda la familia.<\/p>\n<p>*s\u00e1bado 31, Kelo &amp; Los Chubigalas<\/p>\n<p>Se adelant\u00f3 que <strong>lo recaudado por la gorra digital en los tres especiales ser\u00e1 destinado a entidades locales con fines solidarios.<\/strong><\/p>\n<p>La conducci\u00f3n del ciclo est\u00e1 a cargo de Mart\u00edn Ferrari, Luis Donatelli, Diana Brisioli y Seba Bonavetti, a quienes se sumar\u00e1n en esta temporada Mar\u00eda In\u00e9s Banegas, Rauly Zarate, Miguel Carlos y Mario Delgado, bajo la coordinaci\u00f3n t\u00e9cnica de Agust\u00edn Alfonzo.<\/p>\n<p>Por \u00faltimo, desde el Foro Olavarr\u00eda invitaron a participar del streaming en Youtube y Facebook Live y de las actividades del Foro Olavarr\u00eda ingresando al sitio <strong>https:\/\/www.foroolavarria.org.\u00a0<\/strong>Tambi\u00e9n pueden escribir al correo electr\u00f3nico foroolavarria@gmail.com o al WhatsApp del Foro 2284554873.<\/p>\n","protected":false},"excerpt":{"rendered":"<p>Este jueves a las 21 se abre la tercera temporada del ciclo. Se podr\u00e1 seguir a trav\u00e9s de YouTube y<\/p>\n","protected":false},"author":4,"featured_media":2908,"comment_status":"closed","ping_status":"closed","sticky":false,"template":"","format":"standard","meta":{"_jetpack_memberships_contains_paid_content":false,"footnotes":""},"categories":[9,1],"tags":[],"class_list":["post-2904","post","type-post","status-publish","format-standard","has-post-thumbnail","hentry","category-cultura","category-portada"],"jetpack_featured_media_url":"https:\/\/i0.wp.com\/cdnoticias.com\/wp-content\/uploads\/2020\/10\/vivocaribesalsa-2.jpg?fit=800%2C500&ssl=1","jetpack_sharing_enabled":true,"_links":{"self":[{"href":"https:\/\/cdnoticias.com\/index.php\/wp-json\/wp\/v2\/posts\/2904","targetHints":{"allow":["GET"]}}],"collection":[{"href":"https:\/\/cdnoticias.com\/index.php\/wp-json\/wp\/v2\/posts"}],"about":[{"href":"https:\/\/cdnoticias.com\/index.php\/wp-json\/wp\/v2\/types\/post"}],"author":[{"embeddable":true,"href":"https:\/\/cdnoticias.com\/index.php\/wp-json\/wp\/v2\/users\/4"}],"replies":[{"embeddable":true,"href":"https:\/\/cdnoticias.com\/index.php\/wp-json\/wp\/v2\/comments?post=2904"}],"version-history":[{"count":0,"href":"https:\/\/cdnoticias.com\/index.php\/wp-json\/wp\/v2\/posts\/2904\/revisions"}],"wp:featuredmedia":[{"embeddable":true,"href":"https:\/\/cdnoticias.com\/index.php\/wp-json\/wp\/v2\/media\/2908"}],"wp:attachment":[{"href":"https:\/\/cdnoticias.com\/index.php\/wp-json\/wp\/v2\/media?parent=2904"}],"wp:term":[{"taxonomy":"category","embeddable":true,"href":"https:\/\/cdnoticias.com\/index.php\/wp-json\/wp\/v2\/categories?post=2904"},{"taxonomy":"post_tag","embeddable":true,"href":"https:\/\/cdnoticias.com\/index.php\/wp-json\/wp\/v2\/tags?post=2904"}],"curies":[{"name":"wp","href":"https:\/\/api.w.org\/{rel}","templated":true}]}}