{"id":29027,"date":"2021-08-09T17:52:06","date_gmt":"2021-08-09T20:52:06","guid":{"rendered":"http:\/\/www.centraldenoticias.com.ar\/?p=29027"},"modified":"2021-08-09T17:52:06","modified_gmt":"2021-08-09T20:52:06","slug":"por-la-pandemia-quienes-estan-exceptuados-de-votar","status":"publish","type":"post","link":"https:\/\/cdnoticias.com\/index.php\/2021\/08\/09\/por-la-pandemia-quienes-estan-exceptuados-de-votar\/","title":{"rendered":"Por la pandemia: \u00bfQui\u00e9nes est\u00e1n exceptuados de votar?"},"content":{"rendered":"<p>Los ciudadanos con Covid-19, que sean contactos estrechos, o integren grupos de riesgo estar\u00e1n exceptuados de votar. As\u00ed lo estableci\u00f3 la C\u00e1mara Nacional Electoral.<\/p>\n<p><!--more--><\/p>\n<hr \/>\n<p>&nbsp;<\/p>\n<p><strong>La C\u00e1mara Nacional Electoral estableci\u00f3 que debido a la pandemia, los ciudadanos con Covid-19, que sean contactos estrechos, o integren grupos de riesgo estar\u00e1n exceptuados de votar el pr\u00f3ximo 12 de septiembre en las PASO y para las generales el 14 de noviembre.<\/strong><\/p>\n<p>&nbsp;<\/p>\n<p>Las personas que se encuentren en <strong>aislamiento por contagio confirmado de Covid-19 o que tengan s\u00edntomas compatibles con esa enfermedad<\/strong> (aunque no tengan hisopado que lo determine, es decir casos sospechosos), <strong>quienes sean contactos estrechos o quienes integren grupos de riesgo\u00a0que por indicaci\u00f3n m\u00e9dica deban evitar los lugares con movimiento de gente\u00a0<\/strong><strong>estar\u00e1n autorizadas legalmente para no votar en las elecciones de este a\u00f1o.<\/strong><\/p>\n<p>&nbsp;<\/p>\n<p>No obstante, la CNE estableci\u00f3 que <strong>para el caso de las personas que pese a estar comprendidas en la justificaci\u00f3n para no votar quieran ejercer de todas formas su derecho a sufragar, entonces el juez electoral del distrito que corresponda deber\u00e1 \u201cdeterminar el procedimiento de emisi\u00f3n del voto\u201d.<\/strong><\/p>\n<p>&nbsp;<\/p>\n<p>En cuanto a los <strong>ciudadanos que tengan un PCR positivo confirmado<\/strong>, <strong>s\u00edntomas compatibles con Covid o hayan estado en contacto estrecho<\/strong> con alguien cursando la enfermedad y que, por lo tanto, <strong>no quieran sufragar,<\/strong> <strong>podr\u00e1n tramitar el justificativo de no emisi\u00f3n del voto a trav\u00e9s del portal web de la C\u00e1mara<\/strong>, en la secci\u00f3n de infracciones al acto electoral.<\/p>\n<p>&nbsp;<\/p>\n<p><em>Fuente: DIB<\/em><\/p>\n<p>&nbsp;<\/p>\n","protected":false},"excerpt":{"rendered":"<p>Los ciudadanos con Covid-19, que sean contactos estrechos, o integren grupos de riesgo estar\u00e1n exceptuados de votar. As\u00ed lo estableci\u00f3<\/p>\n","protected":false},"author":6,"featured_media":29028,"comment_status":"closed","ping_status":"closed","sticky":false,"template":"","format":"standard","meta":{"_jetpack_memberships_contains_paid_content":false,"footnotes":""},"categories":[6,1],"tags":[],"class_list":["post-29027","post","type-post","status-publish","format-standard","has-post-thumbnail","hentry","category-nacionales","category-portada"],"jetpack_featured_media_url":"https:\/\/i0.wp.com\/cdnoticias.com\/wp-content\/uploads\/2021\/08\/urna.jpg?fit=1069%2C674&ssl=1","jetpack_sharing_enabled":true,"_links":{"self":[{"href":"https:\/\/cdnoticias.com\/index.php\/wp-json\/wp\/v2\/posts\/29027","targetHints":{"allow":["GET"]}}],"collection":[{"href":"https:\/\/cdnoticias.com\/index.php\/wp-json\/wp\/v2\/posts"}],"about":[{"href":"https:\/\/cdnoticias.com\/index.php\/wp-json\/wp\/v2\/types\/post"}],"author":[{"embeddable":true,"href":"https:\/\/cdnoticias.com\/index.php\/wp-json\/wp\/v2\/users\/6"}],"replies":[{"embeddable":true,"href":"https:\/\/cdnoticias.com\/index.php\/wp-json\/wp\/v2\/comments?post=29027"}],"version-history":[{"count":0,"href":"https:\/\/cdnoticias.com\/index.php\/wp-json\/wp\/v2\/posts\/29027\/revisions"}],"wp:featuredmedia":[{"embeddable":true,"href":"https:\/\/cdnoticias.com\/index.php\/wp-json\/wp\/v2\/media\/29028"}],"wp:attachment":[{"href":"https:\/\/cdnoticias.com\/index.php\/wp-json\/wp\/v2\/media?parent=29027"}],"wp:term":[{"taxonomy":"category","embeddable":true,"href":"https:\/\/cdnoticias.com\/index.php\/wp-json\/wp\/v2\/categories?post=29027"},{"taxonomy":"post_tag","embeddable":true,"href":"https:\/\/cdnoticias.com\/index.php\/wp-json\/wp\/v2\/tags?post=29027"}],"curies":[{"name":"wp","href":"https:\/\/api.w.org\/{rel}","templated":true}]}}