{"id":29017,"date":"2021-08-10T09:08:19","date_gmt":"2021-08-10T12:08:19","guid":{"rendered":"http:\/\/www.centraldenoticias.com.ar\/?p=29017"},"modified":"2021-08-10T09:08:19","modified_gmt":"2021-08-10T12:08:19","slug":"el-partido-republicano-federal-realizo-un-encuentro-de-precandidatos","status":"publish","type":"post","link":"https:\/\/cdnoticias.com\/index.php\/2021\/08\/10\/el-partido-republicano-federal-realizo-un-encuentro-de-precandidatos\/","title":{"rendered":"El Partido Republicano Federal realiz\u00f3 un encuentro de precandidatos"},"content":{"rendered":"<p>Fue el s\u00e1bado y cont\u00f3 con la presencia del precandidato a concejal Alan Aguirre y dirigentes de la s\u00e9ptima secci\u00f3n electoral.<!--more--><\/p>\n<hr \/>\n<p>El pasado s\u00e1bado se llev\u00f3 a cabo una<strong> Plenaria Peronista<\/strong> en las instalaciones del sindicato La Fraternidad, organizada por el espacio que lidera a nivel local el<strong> precandidato a concejal Alan Aguirre y que tiene como referente a nivel nacional al precandidato a diputado Nacional Guillermo Moreno.<\/strong><\/p>\n<p>&nbsp;<\/p>\n<p>El encuentro cont\u00f3 con la presencia de <strong>Ariel Rolando L\u00f3pez<\/strong>, que se desempe\u00f1a como secretario General de la CTA Merlo, presidente de la agrupaci\u00f3n Frente Peronista Independiente, comerciante y actualmente precandidato a senador Provincial por el Partido Republicano Federal, lista Principios y Valores.<\/p>\n<p>&nbsp;<\/p>\n<p>Tambi\u00e9n se hicieron presentes precandidatos a concejales y consejeros escolares de distintas localidades de la s\u00e9ptima secci\u00f3n que integran la lista 314A. Hubo referentes y representantes de <strong>25 de Mayo, Saladillo, Roque P\u00e9rez, Alvear, Bol\u00edvar y Olavarr\u00eda.<\/strong><\/p>\n<p>&nbsp;<\/p>\n<p>En esta reuni\u00f3n los candidatos intercambiaron sus impresiones respecto a la <strong>problem\u00e1tica actual social y econ\u00f3mica<\/strong> que atraviesan distintos sectores de la sociedad y expusieron sus proyectos de trabajo e integraci\u00f3n en beneficio de todos los ciudadanos a quienes representan de cara a las pr\u00f3ximas elecciones.<\/p>\n<p>&nbsp;<\/p>\n<p><img data-recalc-dims=\"1\" loading=\"lazy\" decoding=\"async\" class=\"alignnone size-full wp-image-29018\" src=\"https:\/\/i0.wp.com\/cdnoticias.com\/wp-content\/uploads\/2021\/08\/WhatsApp-Image-2021-08-09-at-15.30.20.jpeg?resize=800%2C474&#038;ssl=1\" alt=\"\" width=\"800\" height=\"474\" srcset=\"https:\/\/i0.wp.com\/cdnoticias.com\/wp-content\/uploads\/2021\/08\/WhatsApp-Image-2021-08-09-at-15.30.20.jpeg?w=1245&amp;ssl=1 1245w, https:\/\/i0.wp.com\/cdnoticias.com\/wp-content\/uploads\/2021\/08\/WhatsApp-Image-2021-08-09-at-15.30.20.jpeg?resize=300%2C178&amp;ssl=1 300w, https:\/\/i0.wp.com\/cdnoticias.com\/wp-content\/uploads\/2021\/08\/WhatsApp-Image-2021-08-09-at-15.30.20.jpeg?resize=768%2C455&amp;ssl=1 768w, https:\/\/i0.wp.com\/cdnoticias.com\/wp-content\/uploads\/2021\/08\/WhatsApp-Image-2021-08-09-at-15.30.20.jpeg?resize=1024%2C607&amp;ssl=1 1024w\" sizes=\"auto, (max-width: 800px) 100vw, 800px\" \/><\/p>\n<p>&nbsp;<\/p>\n<p>Ariel L\u00f3pez precandidato a senador Provincial se\u00f1al\u00f3: <em>&#8220;m\u00e1s all\u00e1 de cualquier colectivo e identidad somos todos seres humanos y merecemos la honestidad de nuestros representantes que exijan al gobierno mejores condiciones para el trabajador. Es y ser\u00e1 siempre nuestro compromiso trabajar por la defensa y garant\u00eda de una sociedad justa para el pueblo en su totalidad. Donde cada vecino se respete y se aprecie. Donde uno pueda contar con el otro&#8221;.<\/em><\/p>\n<p>&nbsp;<\/p>\n<blockquote><p>Alan Aguirre primer precandidato a concejal por Olavarr\u00eda expuso que \u201cnuestro partido es la primera opci\u00f3n y la \u00fanica alternativa posible para volver a tener una verdadera representatividad del pueblo en el gobierno\u201d.<\/p><\/blockquote>\n<p>&nbsp;<\/p>\n<p>Adem\u00e1s, indic\u00f3 que<em> \u201caument\u00f3 la pobreza, la desocupaci\u00f3n, la inflaci\u00f3n es incontrolable, la inseguridad nos afecta cada vez m\u00e1s, aumentan los impuestos y las pol\u00edticas p\u00fablicas educativas vuelven a la educaci\u00f3n insuficiente en la preparaci\u00f3n de nuestros ni\u00f1os para el mundo laboral. Este contexto de pandemia demanda mucha planificaci\u00f3n y aptitud, pero nos encontramos con un presidente que manifiesta \u201cno creer en los planes\u201d. <strong>Tenemos proyecto, tenemos doctrina, convicciones, honestidad y venimos a traer a la sociedad una esperanza y recambio dirigencial<\/strong>\u201d.<\/em><\/p>\n<p>&nbsp;<\/p>\n<p><em>\u201cDe los principios y valores que expresamos surgen y surgir\u00e1n los mejores planes y proyectos para volver a tener un pa\u00eds y una Olavarr\u00eda grande, sustentable y con justicia social. <strong>Los d\u00edas m\u00e1s felices fueron, son y ser\u00e1n peronistas<\/strong>\u201d<\/em>, concluy\u00f3.<\/p>\n<p>&nbsp;<\/p>\n","protected":false},"excerpt":{"rendered":"<p>Fue el s\u00e1bado y cont\u00f3 con la presencia del precandidato a concejal Alan Aguirre y dirigentes de la s\u00e9ptima secci\u00f3n<\/p>\n","protected":false},"author":5,"featured_media":29019,"comment_status":"closed","ping_status":"closed","sticky":false,"template":"","format":"standard","meta":{"_jetpack_memberships_contains_paid_content":false,"footnotes":""},"categories":[4,1],"tags":[],"class_list":["post-29017","post","type-post","status-publish","format-standard","has-post-thumbnail","hentry","category-politica","category-portada"],"jetpack_featured_media_url":"https:\/\/i0.wp.com\/cdnoticias.com\/wp-content\/uploads\/2021\/08\/WhatsApp-Image-2021-08-09-at-15.30.19.jpeg?fit=879%2C417&ssl=1","jetpack_sharing_enabled":true,"_links":{"self":[{"href":"https:\/\/cdnoticias.com\/index.php\/wp-json\/wp\/v2\/posts\/29017","targetHints":{"allow":["GET"]}}],"collection":[{"href":"https:\/\/cdnoticias.com\/index.php\/wp-json\/wp\/v2\/posts"}],"about":[{"href":"https:\/\/cdnoticias.com\/index.php\/wp-json\/wp\/v2\/types\/post"}],"author":[{"embeddable":true,"href":"https:\/\/cdnoticias.com\/index.php\/wp-json\/wp\/v2\/users\/5"}],"replies":[{"embeddable":true,"href":"https:\/\/cdnoticias.com\/index.php\/wp-json\/wp\/v2\/comments?post=29017"}],"version-history":[{"count":0,"href":"https:\/\/cdnoticias.com\/index.php\/wp-json\/wp\/v2\/posts\/29017\/revisions"}],"wp:featuredmedia":[{"embeddable":true,"href":"https:\/\/cdnoticias.com\/index.php\/wp-json\/wp\/v2\/media\/29019"}],"wp:attachment":[{"href":"https:\/\/cdnoticias.com\/index.php\/wp-json\/wp\/v2\/media?parent=29017"}],"wp:term":[{"taxonomy":"category","embeddable":true,"href":"https:\/\/cdnoticias.com\/index.php\/wp-json\/wp\/v2\/categories?post=29017"},{"taxonomy":"post_tag","embeddable":true,"href":"https:\/\/cdnoticias.com\/index.php\/wp-json\/wp\/v2\/tags?post=29017"}],"curies":[{"name":"wp","href":"https:\/\/api.w.org\/{rel}","templated":true}]}}