{"id":28995,"date":"2023-01-05T22:59:24","date_gmt":"2023-01-06T01:59:24","guid":{"rendered":"http:\/\/centraldeportes.com.ar\/?p=28995"},"modified":"2023-01-05T22:59:24","modified_gmt":"2023-01-06T01:59:24","slug":"olavarria-va-a-ser-una-de-las-ciudades-con-mas-carreras-en-la-provincia-2","status":"publish","type":"post","link":"https:\/\/cdnoticias.com\/index.php\/2023\/01\/05\/olavarria-va-a-ser-una-de-las-ciudades-con-mas-carreras-en-la-provincia-2\/","title":{"rendered":"\u201cOlavarr\u00eda va a ser una de las ciudades con m\u00e1s carreras en la Provincia\u201d"},"content":{"rendered":"<p>En la Casa del Deporte y en el anochecer del jueves, el C\u00edrculo de Atletas Veteranos de Olavarr\u00eda y autoridades municipales encabezadas por Ezequiel Galli, realizaron el lanzamiento del calendario 2023 y de la compra de un importante sistema para poder fiscalizar las 34 carreras del a\u00f1o.<!--more--><\/p>\n<hr \/>\n<p>Ezequiel Galli dijo presente para dar anuncio al calendario anual de pruebas pedestres y tambi\u00e9n para anunciar que \u201cvamos a colaborar, porque venimos trabajando, para la compra de un tecnol\u00f3gico sistema de fiscalizaci\u00f3n que se pueda empezar a usar, y si llegamos con tiempo, que estimo que s\u00ed, la Vuelta al Municipio ser\u00e1 fiscalizada por olavarrienses\u201d.<\/p>\n<p>&nbsp;<\/p>\n<p>El sistema de fiscalizaci\u00f3n servir\u00e1 para mejorar el tiempo para dar a conocer los resultados de las carreras, har\u00e1 entrega personal a cada atleta y \u201ces tambi\u00e9n un mimo a las competencias y a los atletas\u201d.<\/p>\n<p>&nbsp;<\/p>\n<p>[soliloquy id=&#8221;28998&#8243;]<\/p>\n<p>&nbsp;<\/p>\n<p>El C\u00edrculo de Atletas Veteranos de Olavarr\u00eda estuvo representado por su presidente Renaldo Am\u00e9ndola y se confirmaron 34 carreras para el a\u00f1o que reci\u00e9n comienza: \u201cLa mayor\u00eda nos ha convocado para organizar porque hacemos un trabajo serio\u201d.<\/p>\n<p>&nbsp;<\/p>\n<p>Sobre la cantidad de carreras que tendr\u00e1 la Ciudad a lo largo del 2023, el Director de Gesti\u00f3n Deportiva se content\u00f3 porque \u201cOlavarr\u00eda es una de las ciudades con m\u00e1s carreras en la Provincia y eso es un orgullo\u201d.<\/p>\n<p>&nbsp;<\/p>\n<p>Pero tantos eventos implic\u00f3 un arduo trabajo porque \u201ces impresionante la cantidad de eventos deportivos que va a tener la Ciudad en el 2023\u201d asegur\u00f3 el Intendente entre la veintena de presentes que incluyeron representantes de grupos running y organizadores de eventos.<\/p>\n","protected":false},"excerpt":{"rendered":"<p>En la Casa del Deporte y en el anochecer del jueves, el C\u00edrculo de Atletas Veteranos de Olavarr\u00eda y autoridades<\/p>\n","protected":false},"author":96739695,"featured_media":29001,"comment_status":"closed","ping_status":"closed","sticky":false,"template":"","format":"standard","meta":{"_jetpack_memberships_contains_paid_content":false,"footnotes":""},"categories":[38,1],"tags":[],"class_list":["post-28995","post","type-post","status-publish","format-standard","has-post-thumbnail","hentry","category-pedestrismo","category-portada"],"jetpack_featured_media_url":"","jetpack_sharing_enabled":true,"_links":{"self":[{"href":"https:\/\/cdnoticias.com\/index.php\/wp-json\/wp\/v2\/posts\/28995","targetHints":{"allow":["GET"]}}],"collection":[{"href":"https:\/\/cdnoticias.com\/index.php\/wp-json\/wp\/v2\/posts"}],"about":[{"href":"https:\/\/cdnoticias.com\/index.php\/wp-json\/wp\/v2\/types\/post"}],"author":[{"embeddable":true,"href":"https:\/\/cdnoticias.com\/index.php\/wp-json\/wp\/v2\/users\/96739695"}],"replies":[{"embeddable":true,"href":"https:\/\/cdnoticias.com\/index.php\/wp-json\/wp\/v2\/comments?post=28995"}],"version-history":[{"count":0,"href":"https:\/\/cdnoticias.com\/index.php\/wp-json\/wp\/v2\/posts\/28995\/revisions"}],"wp:featuredmedia":[{"embeddable":true,"href":"https:\/\/cdnoticias.com\/index.php\/wp-json\/"}],"wp:attachment":[{"href":"https:\/\/cdnoticias.com\/index.php\/wp-json\/wp\/v2\/media?parent=28995"}],"wp:term":[{"taxonomy":"category","embeddable":true,"href":"https:\/\/cdnoticias.com\/index.php\/wp-json\/wp\/v2\/categories?post=28995"},{"taxonomy":"post_tag","embeddable":true,"href":"https:\/\/cdnoticias.com\/index.php\/wp-json\/wp\/v2\/tags?post=28995"}],"curies":[{"name":"wp","href":"https:\/\/api.w.org\/{rel}","templated":true}]}}