{"id":2899,"date":"2020-09-30T19:23:23","date_gmt":"2020-09-30T22:23:23","guid":{"rendered":"http:\/\/www.centraldenoticias.com.ar\/?p=2899"},"modified":"2020-09-30T20:23:51","modified_gmt":"2020-09-30T23:23:51","slug":"por-desinfeccion-cierran-la-farmacia-del-centro-de-empleados-de-comercio","status":"publish","type":"post","link":"https:\/\/cdnoticias.com\/index.php\/2020\/09\/30\/por-desinfeccion-cierran-la-farmacia-del-centro-de-empleados-de-comercio\/","title":{"rendered":"Por \u201cdesinfecci\u00f3n\u201d cierran la Farmacia del Centro de Empleados de Comercio"},"content":{"rendered":"<p>La novedad fue comunicada por la entidad mercantil, desde donde adem\u00e1s se refiri\u00f3 que las medidas preventivas se prolongar\u00e1n hasta el s\u00e1bado inclusive.<\/p>\n<p><!--more--><\/p>\n<hr \/>\n<p><strong>Por la puesta en marcha de medidas preventivas y de sanitizaci\u00f3n estar\u00e1 cerrada durante los pr\u00f3ximos d\u00edas la farmacia del Centro de Empleados de Comercio<\/strong>, tal cual fue detallado desde la entidad mercantil.<\/p>\n<p>&nbsp;<\/p>\n<p>Seg\u00fan se expres\u00f3 en un comunicado emitido este mi\u00e9rcoles, <strong>la medida se llevar\u00e1 a cabo \u201ccon el fin de cumplir con las recomendaciones y las normas de higiene necesarias para desinfecci\u00f3n\u201d.<\/strong><\/p>\n<p>&nbsp;<\/p>\n<p>En ese sentido, se indic\u00f3 que \u201cnuestra Farmacia Sindical de Olavarr\u00eda permanecer\u00e1 cerrada desde el jueves 1 al s\u00e1bado 3 de Octubre\u201d. Por \u00faltimo, se inform\u00f3 que <strong>\u201cdesde el lunes 5 los esperamos en nuestro horario habitual con las medidas de seguridad necesarias para la prevenci\u00f3n del COVID-19\u201d.<\/strong><\/p>\n","protected":false},"excerpt":{"rendered":"<p>La novedad fue comunicada por la entidad mercantil, desde donde adem\u00e1s se refiri\u00f3 que las medidas preventivas se prolongar\u00e1n hasta<\/p>\n","protected":false},"author":3,"featured_media":2900,"comment_status":"closed","ping_status":"closed","sticky":false,"template":"","format":"standard","meta":{"_jetpack_memberships_contains_paid_content":false,"footnotes":""},"categories":[5,1],"tags":[],"class_list":["post-2899","post","type-post","status-publish","format-standard","has-post-thumbnail","hentry","category-informacion-general","category-portada"],"jetpack_featured_media_url":"https:\/\/i0.wp.com\/cdnoticias.com\/wp-content\/uploads\/2020\/09\/Ceco.jpg?fit=923%2C602&ssl=1","jetpack_sharing_enabled":true,"_links":{"self":[{"href":"https:\/\/cdnoticias.com\/index.php\/wp-json\/wp\/v2\/posts\/2899","targetHints":{"allow":["GET"]}}],"collection":[{"href":"https:\/\/cdnoticias.com\/index.php\/wp-json\/wp\/v2\/posts"}],"about":[{"href":"https:\/\/cdnoticias.com\/index.php\/wp-json\/wp\/v2\/types\/post"}],"author":[{"embeddable":true,"href":"https:\/\/cdnoticias.com\/index.php\/wp-json\/wp\/v2\/users\/3"}],"replies":[{"embeddable":true,"href":"https:\/\/cdnoticias.com\/index.php\/wp-json\/wp\/v2\/comments?post=2899"}],"version-history":[{"count":0,"href":"https:\/\/cdnoticias.com\/index.php\/wp-json\/wp\/v2\/posts\/2899\/revisions"}],"wp:featuredmedia":[{"embeddable":true,"href":"https:\/\/cdnoticias.com\/index.php\/wp-json\/wp\/v2\/media\/2900"}],"wp:attachment":[{"href":"https:\/\/cdnoticias.com\/index.php\/wp-json\/wp\/v2\/media?parent=2899"}],"wp:term":[{"taxonomy":"category","embeddable":true,"href":"https:\/\/cdnoticias.com\/index.php\/wp-json\/wp\/v2\/categories?post=2899"},{"taxonomy":"post_tag","embeddable":true,"href":"https:\/\/cdnoticias.com\/index.php\/wp-json\/wp\/v2\/tags?post=2899"}],"curies":[{"name":"wp","href":"https:\/\/api.w.org\/{rel}","templated":true}]}}