{"id":2893,"date":"2020-09-30T19:47:37","date_gmt":"2020-09-30T22:47:37","guid":{"rendered":"http:\/\/www.centraldenoticias.com.ar\/?p=2893"},"modified":"2020-09-30T19:47:37","modified_gmt":"2020-09-30T22:47:37","slug":"este-miercoles-se-registraron-45-nuevos-casos-de-covid-19","status":"publish","type":"post","link":"https:\/\/cdnoticias.com\/index.php\/2020\/09\/30\/este-miercoles-se-registraron-45-nuevos-casos-de-covid-19\/","title":{"rendered":"Este mi\u00e9rcoles se registraron 45 nuevos casos de Covid-19"},"content":{"rendered":"<p>&nbsp;<\/p>\n<p>As\u00ed lo inform\u00f3 la secretar\u00eda de Salud del Gobierno Municipal. Durante la jornada fallecieron dos pacientes que hab\u00edan resultado positivos para Covid-19. De acuerdo a los datos comunicados, el total de pacientes activos en Olavarr\u00eda es de 281.\u00a0<!--more--><\/p>\n<hr \/>\n<p>Este mi\u00e9rcoles se conoci\u00f3 un nuevo parte emitido por el Gobierno Municipal.<a href=\"https:\/\/cdnoticias.com\/index.php\/2020\/09\/30\/murieron-dos-personas-con-coronavirus\/\" target=\"_blank\" rel=\"noopener\"> En el informe se precis\u00f3 el fallecimiento de dos pacientes, un hombre de 66 a\u00f1os y una mujer de 87 a\u00f1os.<\/a><\/p>\n<p>&nbsp;<\/p>\n<p>Adem\u00e1s, se indic\u00f3 que durante la jornada<strong> se registraron 45 nuevos casos de Covid-19.<\/strong> En tanto <strong>42 pacientes recibieron el alta m\u00e9dica y se descartaron 35 casos sospechosos.<\/strong> De esta forma, el total de pacientes activos es de 281. En el d\u00eda de la fecha se realizaron 80 testeos y m\u00e1s de 4.600 desde el comienzo de la pandemia.<\/p>\n<p>&nbsp;<\/p>\n<blockquote><p>Los casos de este mi\u00e9rcoles corresponden a empleados del Banco Provincia sucursal Pueblo Nuevo, personal e internos del Servicio Penitenciario, a contactos con positivos anteriores y se estudia el nexo del 20% de los casos de la jornada.<\/p><\/blockquote>\n<p>&nbsp;<\/p>\n<p>&nbsp;<\/p>\n<p><img data-recalc-dims=\"1\" loading=\"lazy\" decoding=\"async\" class=\"alignnone size-large wp-image-2892\" src=\"https:\/\/i0.wp.com\/cdnoticias.com\/wp-content\/uploads\/2020\/09\/parte-14-1024x519.jpg?resize=800%2C405&#038;ssl=1\" alt=\"\" width=\"800\" height=\"405\" \/><\/p>\n<p>&nbsp;<\/p>\n<p>Sobre el estado actual del Hospital, afirmaron que hay<strong> 5 pacientes en Unidad de Terapia Intensiva<\/strong> (uno de ellos es de la ciudad de Laprida) y <strong>19 en Cuidados Generales<\/strong> que se encuentran estables.<\/p>\n<p>&nbsp;<\/p>\n<p>En este sentido, desde la Secretar\u00eda de Salud Municipal aseguraron que e<strong>l 89% de los casos positivos corresponden a personas con menos de 60 a\u00f1os y el 11% a mayores de 60 a\u00f1os.<\/strong><\/p>\n","protected":false},"excerpt":{"rendered":"<p>&nbsp; As\u00ed lo inform\u00f3 la secretar\u00eda de Salud del Gobierno Municipal. Durante la jornada fallecieron dos pacientes que hab\u00edan resultado<\/p>\n","protected":false},"author":5,"featured_media":619,"comment_status":"closed","ping_status":"closed","sticky":false,"template":"","format":"standard","meta":{"_jetpack_memberships_contains_paid_content":false,"footnotes":""},"categories":[5,1],"tags":[],"class_list":["post-2893","post","type-post","status-publish","format-standard","has-post-thumbnail","hentry","category-informacion-general","category-portada"],"jetpack_featured_media_url":"https:\/\/i0.wp.com\/cdnoticias.com\/wp-content\/uploads\/2020\/09\/HospitalMunicipal2.jpg?fit=4608%2C3072&ssl=1","jetpack_sharing_enabled":true,"_links":{"self":[{"href":"https:\/\/cdnoticias.com\/index.php\/wp-json\/wp\/v2\/posts\/2893","targetHints":{"allow":["GET"]}}],"collection":[{"href":"https:\/\/cdnoticias.com\/index.php\/wp-json\/wp\/v2\/posts"}],"about":[{"href":"https:\/\/cdnoticias.com\/index.php\/wp-json\/wp\/v2\/types\/post"}],"author":[{"embeddable":true,"href":"https:\/\/cdnoticias.com\/index.php\/wp-json\/wp\/v2\/users\/5"}],"replies":[{"embeddable":true,"href":"https:\/\/cdnoticias.com\/index.php\/wp-json\/wp\/v2\/comments?post=2893"}],"version-history":[{"count":0,"href":"https:\/\/cdnoticias.com\/index.php\/wp-json\/wp\/v2\/posts\/2893\/revisions"}],"wp:featuredmedia":[{"embeddable":true,"href":"https:\/\/cdnoticias.com\/index.php\/wp-json\/wp\/v2\/media\/619"}],"wp:attachment":[{"href":"https:\/\/cdnoticias.com\/index.php\/wp-json\/wp\/v2\/media?parent=2893"}],"wp:term":[{"taxonomy":"category","embeddable":true,"href":"https:\/\/cdnoticias.com\/index.php\/wp-json\/wp\/v2\/categories?post=2893"},{"taxonomy":"post_tag","embeddable":true,"href":"https:\/\/cdnoticias.com\/index.php\/wp-json\/wp\/v2\/tags?post=2893"}],"curies":[{"name":"wp","href":"https:\/\/api.w.org\/{rel}","templated":true}]}}