{"id":2890,"date":"2020-09-30T19:25:49","date_gmt":"2020-09-30T22:25:49","guid":{"rendered":"http:\/\/www.centraldenoticias.com.ar\/?p=2890"},"modified":"2020-09-30T19:25:49","modified_gmt":"2020-09-30T22:25:49","slug":"raul-armando-salicio-q-e-p-d","status":"publish","type":"post","link":"https:\/\/cdnoticias.com\/index.php\/2020\/09\/30\/raul-armando-salicio-q-e-p-d\/","title":{"rendered":"Ra\u00fal Armando Salicio (Q.E.P.D.)"},"content":{"rendered":"<p>Falleci\u00f3 en Olavarr\u00eda a los 66 a\u00f1os de edad. Sus hijas Lucrecia, Mariela y Nahir; sus hijos pol\u00edticos Rub\u00e9n, Ferm\u00edn y Federico; sus nietos Micaela, Narela, Juanita, Roco y Enzo; su ex esposa Anal\u00eda y dem\u00e1s deudos participan de su fallecimiento.<\/p>\n<p>&nbsp;<\/p>\n<p>Sus restos ser\u00e1n cremados en Crematorio Pinos de Paz el jueves a las 12:00. Vecino del barrio Hip\u00f3lito Yrigoyen.<\/p>\n","protected":false},"excerpt":{"rendered":"<p>Falleci\u00f3 en Olavarr\u00eda a los 66 a\u00f1os de edad. Sus hijas Lucrecia, Mariela y Nahir; sus hijos pol\u00edticos Rub\u00e9n, Ferm\u00edn<\/p>\n","protected":false},"author":5,"featured_media":0,"comment_status":"closed","ping_status":"closed","sticky":false,"template":"","format":"standard","meta":{"_jetpack_memberships_contains_paid_content":false,"footnotes":""},"categories":[10],"tags":[],"class_list":["post-2890","post","type-post","status-publish","format-standard","hentry","category-necrologicas"],"jetpack_featured_media_url":"","jetpack_sharing_enabled":true,"_links":{"self":[{"href":"https:\/\/cdnoticias.com\/index.php\/wp-json\/wp\/v2\/posts\/2890","targetHints":{"allow":["GET"]}}],"collection":[{"href":"https:\/\/cdnoticias.com\/index.php\/wp-json\/wp\/v2\/posts"}],"about":[{"href":"https:\/\/cdnoticias.com\/index.php\/wp-json\/wp\/v2\/types\/post"}],"author":[{"embeddable":true,"href":"https:\/\/cdnoticias.com\/index.php\/wp-json\/wp\/v2\/users\/5"}],"replies":[{"embeddable":true,"href":"https:\/\/cdnoticias.com\/index.php\/wp-json\/wp\/v2\/comments?post=2890"}],"version-history":[{"count":0,"href":"https:\/\/cdnoticias.com\/index.php\/wp-json\/wp\/v2\/posts\/2890\/revisions"}],"wp:attachment":[{"href":"https:\/\/cdnoticias.com\/index.php\/wp-json\/wp\/v2\/media?parent=2890"}],"wp:term":[{"taxonomy":"category","embeddable":true,"href":"https:\/\/cdnoticias.com\/index.php\/wp-json\/wp\/v2\/categories?post=2890"},{"taxonomy":"post_tag","embeddable":true,"href":"https:\/\/cdnoticias.com\/index.php\/wp-json\/wp\/v2\/tags?post=2890"}],"curies":[{"name":"wp","href":"https:\/\/api.w.org\/{rel}","templated":true}]}}