{"id":2885,"date":"2020-09-30T18:59:13","date_gmt":"2020-09-30T21:59:13","guid":{"rendered":"http:\/\/www.centraldenoticias.com.ar\/?p=2885"},"modified":"2020-09-30T19:27:04","modified_gmt":"2020-09-30T22:27:04","slug":"la-pobreza-alcanzo-a-casi-el-41-de-las-personas-segun-el-informe-del-indec","status":"publish","type":"post","link":"https:\/\/cdnoticias.com\/index.php\/2020\/09\/30\/la-pobreza-alcanzo-a-casi-el-41-de-las-personas-segun-el-informe-del-indec\/","title":{"rendered":"La pobreza alcanz\u00f3 a casi el 41% de las personas, seg\u00fan el informe del Indec"},"content":{"rendered":"<p>El dato se desprende del informe publicado en la tarde de este mi\u00e9rcoles, en el que se a\u00f1adi\u00f3 que en el primer semestre del 2020 3.5 millones de personas cayeron en la pobreza.<\/p>\n<p><!--more--><\/p>\n<hr \/>\n<p>&nbsp;<\/p>\n<p><strong>El 40,9% de la poblaci\u00f3n de Argentina se encuentra en situaci\u00f3n de pobreza, y de ese total, el 10,5% son indigentes y no pueden acceder ni siquiera a una alimentaci\u00f3n de subsistencia<\/strong>. Adem\u00e1s, m\u00e1s de la mitad de los menores de 14 a\u00f1os se encuentra en situaci\u00f3n de vulnerabilidad econ\u00f3mica.<\/p>\n<p>&nbsp;<\/p>\n<p>Los datos fueron publicados en la tarde de este mi\u00e9rcoles por el Indec, y muestran otra de las caras m\u00e1s feroces de los efectos de la pandemia del coronavirus y la cuarentena. <strong>Seg\u00fan el organismo, en el primer semestre del a\u00f1o se evidenci\u00f3 un salto de la pobreza del 5,4% con respecto a diciembre del a\u00f1o pasado, (hab\u00eda cerrado en 35,5%) y del 2,5% de la indigencia en el mismo per\u00edodo (era del 8%). Esto representa un total de 3,5 millones de nuevos pobres e indigentes.<\/strong><\/p>\n<p>&nbsp;<\/p>\n<p>En total, en el pa\u00eds hay 11,7 millones de pobres y 3 millones de indigentes, pero ese dato es en relaci\u00f3n a las 28,6 millones de personas alcanzadas por la Encuesta Permanente de Hogares (EPH). Si se proyecta al total de la poblaci\u00f3n, el n\u00famero es m\u00e1s terrible a\u00fan: <strong>13,6 millones de pobres y 4,7 millones de indigentes, sobre un total de 45 millones de argentinos.<\/strong><\/p>\n<p>&nbsp;<\/p>\n<blockquote class=\"twitter-tweet\" data-width=\"550\" data-dnt=\"true\">\n<p lang=\"es\" dir=\"ltr\"><a href=\"https:\/\/twitter.com\/hashtag\/DatoINDEC?src=hash&amp;ref_src=twsrc%5Etfw\">#DatoINDEC<\/a><br \/>La pobreza alcanz\u00f3 al 40,9% de las personas y al 30,4% de los hogares en el 1\u00b0 semestre de 2020; la indigencia, al 10,5% y 8,1%, respectivamente <a href=\"https:\/\/t.co\/zhQG4hJpMp\">https:\/\/t.co\/zhQG4hJpMp<\/a> <a href=\"https:\/\/t.co\/U2TZrVPOVO\">pic.twitter.com\/U2TZrVPOVO<\/a><\/p>\n<p>&mdash; INDEC Argentina (@INDECArgentina) <a href=\"https:\/\/twitter.com\/INDECArgentina\/status\/1311380375072014336?ref_src=twsrc%5Etfw\">September 30, 2020<\/a><\/p><\/blockquote>\n<p><script async src=\"https:\/\/platform.twitter.com\/widgets.js\" charset=\"utf-8\"><\/script><\/p>\n<p>&nbsp;<\/p>\n<p><strong>El Indec tambi\u00e9n rese\u00f1a que la pobreza afecta al 30,4% de los hogares (2,8 millones) y la indigencia\u00a0 al 8,1%<\/strong>. En el primer caso, se trata de familias integradas por cuatro personas, que reciben un ingreso promedio de $25.759, mientras que la canasta b\u00e1sica que determina la l\u00ednea de pobreza es de $43.785. En el segundo caso, los ingresos promedios son de apenas $10.301, mientras que el l\u00edmite es de $17.625.<\/p>\n<p>&nbsp;<\/p>\n<p>Seg\u00fan la explicaci\u00f3n oficial, dado que la medici\u00f3n de la pobreza en Argentina es monetaria -est\u00e1 relacionada con la capacidad de compra de productos b\u00e1sicos para la subsistencia, pero no tiene en cuenta cuestiones estructurales- el incremento en el primer semestre se explica porque la canasta b\u00e1sica alimentaria (que determina el l\u00edmite de la indigencia) aument\u00f3 un 23,1% y la canasta b\u00e1sica total (l\u00ednea de pobreza) un 19,2%,mientras que la suma de ingreso total familiar aument\u00f3 un 11% con respecto al semestre anterior, muy por debajo de aquellas.<\/p>\n<p>&nbsp;<\/p>\n<p><em><strong>Pobreza infantil<\/strong><\/em><\/p>\n<p>&nbsp;<\/p>\n<p>En tanto, el Indec inform\u00f3 que <strong>el 56,3% de los menores de 14 a\u00f1os est\u00e1n bajo la l\u00ednea de la pobreza<\/strong>, y un 15,6% son indigentes. As\u00ed, este grupo et\u00e1reo representa a 3 de cada 10 personas que viven en la marginalidad.<\/p>\n<p>&nbsp;<\/p>\n<p><strong>En tanto, el 49,6% de los j\u00f3venes de entre 15 y 29 a\u00f1os son pobres<\/strong> (el 12,8% indigentes). Adem\u00e1s, el organismo de estad\u00edsticas destac\u00f3 adem\u00e1s un importante aumento en el n\u00famero de pobres de entre 30 y 64 a\u00f1os, que trep\u00f3 al 36,2% (9,1% son indigentes).<\/p>\n<p>&nbsp;<\/p>\n<p><em>Fuente DIB<\/em><\/p>\n","protected":false},"excerpt":{"rendered":"<p>El dato se desprende del informe publicado en la tarde de este mi\u00e9rcoles, en el que se a\u00f1adi\u00f3 que en<\/p>\n","protected":false},"author":3,"featured_media":2886,"comment_status":"closed","ping_status":"closed","sticky":false,"template":"","format":"standard","meta":{"_jetpack_memberships_contains_paid_content":false,"footnotes":""},"categories":[5,1],"tags":[],"class_list":["post-2885","post","type-post","status-publish","format-standard","has-post-thumbnail","hentry","category-informacion-general","category-portada"],"jetpack_featured_media_url":"https:\/\/i0.wp.com\/cdnoticias.com\/wp-content\/uploads\/2020\/09\/indec-1.jpg?fit=1366%2C711&ssl=1","jetpack_sharing_enabled":true,"_links":{"self":[{"href":"https:\/\/cdnoticias.com\/index.php\/wp-json\/wp\/v2\/posts\/2885","targetHints":{"allow":["GET"]}}],"collection":[{"href":"https:\/\/cdnoticias.com\/index.php\/wp-json\/wp\/v2\/posts"}],"about":[{"href":"https:\/\/cdnoticias.com\/index.php\/wp-json\/wp\/v2\/types\/post"}],"author":[{"embeddable":true,"href":"https:\/\/cdnoticias.com\/index.php\/wp-json\/wp\/v2\/users\/3"}],"replies":[{"embeddable":true,"href":"https:\/\/cdnoticias.com\/index.php\/wp-json\/wp\/v2\/comments?post=2885"}],"version-history":[{"count":0,"href":"https:\/\/cdnoticias.com\/index.php\/wp-json\/wp\/v2\/posts\/2885\/revisions"}],"wp:featuredmedia":[{"embeddable":true,"href":"https:\/\/cdnoticias.com\/index.php\/wp-json\/wp\/v2\/media\/2886"}],"wp:attachment":[{"href":"https:\/\/cdnoticias.com\/index.php\/wp-json\/wp\/v2\/media?parent=2885"}],"wp:term":[{"taxonomy":"category","embeddable":true,"href":"https:\/\/cdnoticias.com\/index.php\/wp-json\/wp\/v2\/categories?post=2885"},{"taxonomy":"post_tag","embeddable":true,"href":"https:\/\/cdnoticias.com\/index.php\/wp-json\/wp\/v2\/tags?post=2885"}],"curies":[{"name":"wp","href":"https:\/\/api.w.org\/{rel}","templated":true}]}}