{"id":28782,"date":"2021-08-07T11:06:10","date_gmt":"2021-08-07T14:06:10","guid":{"rendered":"http:\/\/www.centraldenoticias.com.ar\/?p=28782"},"modified":"2021-08-07T13:16:30","modified_gmt":"2021-08-07T16:16:30","slug":"en-lo-que-va-del-ano-se-registraron-155-femicidios-y-9-transfemicidios","status":"publish","type":"post","link":"https:\/\/cdnoticias.com\/index.php\/2021\/08\/07\/en-lo-que-va-del-ano-se-registraron-155-femicidios-y-9-transfemicidios\/","title":{"rendered":"En lo que va del a\u00f1o, se registraron 155 femicidios y 9 transfemicidios"},"content":{"rendered":"<p>Los datos surgen de un informe del Observatorio de Femicidios en Argentina \u201cAdriana Marisel Zambrano\u201d. En el 59% de los casos el femicida era la pareja o la ex pareja de la v\u00edctima. A su vez, el 175 hijos e hijas quedaron sin madre.<!--more--><\/p>\n<hr \/>\n<p>Desde el 1 de enero al 31 de julio de 2021, s<strong>e produjeron 155 femicidios, 9 transfemicidios y 13 femicidios vinculados de varones<\/strong>, seg\u00fan un nuevo informe del Observatorio de Femicidios en Argentina \u201cAdriana Marisel Zambrano\u201d que dirige La Casa del Encuentro. A su vez, el 62% fueron asesinadas en sus hogares y en el 59% de los casos, el agresor fue la pareja o expareja.<\/p>\n<p>&nbsp;<\/p>\n<p><strong>Ada Rico, presidenta de la Asociaci\u00f3n Civil La Casa del Encuentro<\/strong>, habl\u00f3 con L<em>a Ma\u00f1ana de Radio Universidad (FM 90.1)<\/em> y detall\u00f3 los puntos principales del informe.<\/p>\n<p>&nbsp;<\/p>\n<p><em>\u201cEl observatorio funciona desde el a\u00f1o 2008 y lamentablemente nos seguimos manejando con las mismas cifras que en realidad no son cifras, son personas que fueron asesinadas, mujeres y compa\u00f1eras trans asesinadas, y este \u00edndice no desciende\u201d<\/em>, resalt\u00f3 Rico.<\/p>\n<p>&nbsp;<\/p>\n<p><iframe id=\"audio_73711066\" style=\"width: 100%;\" src=\"https:\/\/ar.ivoox.com\/es\/player_ej_73711066_6_1.html\" height=\"200\" frameborder=\"0\" scrolling=\"no\" allowfullscreen=\"allowfullscreen\"><\/iframe><\/p>\n<p>&nbsp;<\/p>\n<p>El \u00faltimo informe indic\u00f3 que desde enero a julio de este a\u00f1o se produjeron en el pa\u00eds 164 femicidios y transfemicidios.<strong> Las cifras dan cuenta de 1 femicidio transfemicidio cada 30 horas.<\/strong><\/p>\n<p>&nbsp;<\/p>\n<p>La presidente de La Casa del Encuentro, advirti\u00f3 que tambi\u00e9n hay que <em>\u201canalizar lo que sucede con los hijos y con las hijas que quedan en desprotecci\u00f3n total\u201d<\/em>. <strong>En estos 7 meses, desde la asociaci\u00f3n monitorearon 175 hijos e hijas, de los cuales 109 son menores.<\/strong><\/p>\n<p>&nbsp;<\/p>\n<p><img data-recalc-dims=\"1\" loading=\"lazy\" decoding=\"async\" class=\"alignnone size-full wp-image-28783\" src=\"https:\/\/i0.wp.com\/cdnoticias.com\/wp-content\/uploads\/2021\/08\/WhatsApp-Image-2021-08-06-at-17.37.54.jpeg?resize=800%2C800&#038;ssl=1\" alt=\"\" width=\"800\" height=\"800\" srcset=\"https:\/\/i0.wp.com\/cdnoticias.com\/wp-content\/uploads\/2021\/08\/WhatsApp-Image-2021-08-06-at-17.37.54.jpeg?w=900&amp;ssl=1 900w, https:\/\/i0.wp.com\/cdnoticias.com\/wp-content\/uploads\/2021\/08\/WhatsApp-Image-2021-08-06-at-17.37.54.jpeg?resize=150%2C150&amp;ssl=1 150w, https:\/\/i0.wp.com\/cdnoticias.com\/wp-content\/uploads\/2021\/08\/WhatsApp-Image-2021-08-06-at-17.37.54.jpeg?resize=300%2C300&amp;ssl=1 300w, https:\/\/i0.wp.com\/cdnoticias.com\/wp-content\/uploads\/2021\/08\/WhatsApp-Image-2021-08-06-at-17.37.54.jpeg?resize=768%2C768&amp;ssl=1 768w\" sizes=\"auto, (max-width: 800px) 100vw, 800px\" \/><\/p>\n<p>&nbsp;<\/p>\n<p><b>Femicidios vinculados de varones adultos y ni\u00f1os<\/b><\/p>\n<p>&nbsp;<\/p>\n<p>Desde el a\u00f1o 2009, el Observatorio comenz\u00f3 a analizar de qu\u00e9 manera la violencia de g\u00e9nero atraviesa a la sociedad. <em>\u201cSi bien la v\u00edctima directa es la mujer, nos encontramos con que asesinaban a hijos, a nuevas parejas, a ex parejas. Lo denominamos femicidio vinculado porque est\u00e1 vinculado directamente hacia la mujer, que es el objeto primario de la obsesi\u00f3n del var\u00f3n. <strong>Son varones, pero es un femicidio vinculado a ella<\/strong>\u201d<\/em>.<\/p>\n<p>&nbsp;<\/p>\n<p>Otro de los datos que Rico se\u00f1al\u00f3 como preocupantes, tiene que ver con que<strong> 17 femicidios fueron cometidos por agentes o ex agentes de las fuerzas de seguridad.<\/strong> <em>\u201cHemos sacado informes espec\u00edficamente hablando del tema del personal de seguridad en funciones o no, que contin\u00faan portando el arma. Desde la Casa del Encuentro decimos que si el agresor pertenece a las fuerzas de seguridad y ha tenido denuncias e inclusive exclusi\u00f3n del hogar, esa arma tiene que ser quitada por el Estado\u201d.<\/em><\/p>\n<p>&nbsp;<\/p>\n<blockquote><p>Son muy pocas las mujeres que llegan a denunciar. Nosotras alentamos la denuncia, pero a la vez instamos al poder judicial a que las protejan de una manera efectiva.<\/p><\/blockquote>\n<p>&nbsp;<\/p>\n<p>Por otra parte, insisti\u00f3 en que <strong>el Poder Judicial debe garantizar la asistencia en forma integral y oportuna a las mujeres y compa\u00f1eras trans que padecen cualquier tipo de violencia,<\/strong> asegur\u00e1ndoles el acceso gratuito, r\u00e1pido, transparente y eficaz al servicio de justicia.<\/p>\n<p>&nbsp;<\/p>\n<p><em>\u201cSe le tiene que brindar protecci\u00f3n a la mujer que realiza la denuncia. Muchas veces se realiza la denuncia, le otorgan una medida cautelar de protecci\u00f3n y no se la protege. Si se le otorga a ella un bot\u00f3n antip\u00e1nico o una tobillera electr\u00f3nica al agresor,<strong> eso debe ser monitoreado<\/strong>\u201d<\/em>, concluy\u00f3 Rico.<\/p>\n","protected":false},"excerpt":{"rendered":"<p>Los datos surgen de un informe del Observatorio de Femicidios en Argentina \u201cAdriana Marisel Zambrano\u201d. En el 59% de los<\/p>\n","protected":false},"author":5,"featured_media":23031,"comment_status":"closed","ping_status":"closed","sticky":false,"template":"","format":"standard","meta":{"_jetpack_memberships_contains_paid_content":false,"footnotes":""},"categories":[3,1],"tags":[],"class_list":["post-28782","post","type-post","status-publish","format-standard","has-post-thumbnail","hentry","category-genero","category-portada"],"jetpack_featured_media_url":"https:\/\/i0.wp.com\/cdnoticias.com\/wp-content\/uploads\/2021\/06\/DIB-ni-una-menos-696x391.jpg?fit=696%2C391&ssl=1","jetpack_sharing_enabled":true,"_links":{"self":[{"href":"https:\/\/cdnoticias.com\/index.php\/wp-json\/wp\/v2\/posts\/28782","targetHints":{"allow":["GET"]}}],"collection":[{"href":"https:\/\/cdnoticias.com\/index.php\/wp-json\/wp\/v2\/posts"}],"about":[{"href":"https:\/\/cdnoticias.com\/index.php\/wp-json\/wp\/v2\/types\/post"}],"author":[{"embeddable":true,"href":"https:\/\/cdnoticias.com\/index.php\/wp-json\/wp\/v2\/users\/5"}],"replies":[{"embeddable":true,"href":"https:\/\/cdnoticias.com\/index.php\/wp-json\/wp\/v2\/comments?post=28782"}],"version-history":[{"count":0,"href":"https:\/\/cdnoticias.com\/index.php\/wp-json\/wp\/v2\/posts\/28782\/revisions"}],"wp:featuredmedia":[{"embeddable":true,"href":"https:\/\/cdnoticias.com\/index.php\/wp-json\/wp\/v2\/media\/23031"}],"wp:attachment":[{"href":"https:\/\/cdnoticias.com\/index.php\/wp-json\/wp\/v2\/media?parent=28782"}],"wp:term":[{"taxonomy":"category","embeddable":true,"href":"https:\/\/cdnoticias.com\/index.php\/wp-json\/wp\/v2\/categories?post=28782"},{"taxonomy":"post_tag","embeddable":true,"href":"https:\/\/cdnoticias.com\/index.php\/wp-json\/wp\/v2\/tags?post=28782"}],"curies":[{"name":"wp","href":"https:\/\/api.w.org\/{rel}","templated":true}]}}