{"id":2878,"date":"2020-09-30T18:05:18","date_gmt":"2020-09-30T21:05:18","guid":{"rendered":"http:\/\/www.centraldenoticias.com.ar\/?p=2878"},"modified":"2020-09-30T18:28:25","modified_gmt":"2020-09-30T21:28:25","slug":"tras-el-caso-de-covid19-seguira-cerrada-la-sede-central-de-coopelectric","status":"publish","type":"post","link":"https:\/\/cdnoticias.com\/index.php\/2020\/09\/30\/tras-el-caso-de-covid19-seguira-cerrada-la-sede-central-de-coopelectric\/","title":{"rendered":"Tras el caso de Covid19, seguir\u00e1 cerrada la sede central de Coopelectric"},"content":{"rendered":"<p>As\u00ed fue informado en la tarde de este mi\u00e9rcoles, en un comunicado en el que se a\u00f1adi\u00f3 que ser\u00e1n reprogramados los turnos tanto del jueves como del viernes venidero.<!--more--><\/p>\n<hr \/>\n<p>&nbsp;<\/p>\n<p>En las \u00faltimas horas se confirm\u00f3 un nuevo caso positivo de coronavirus que corresponde a un trabajador de Coopelectric, por lo que desde la entidad se tom\u00f3 la medida de<a href=\"https:\/\/cdnoticias.com\/index.php\/2020\/09\/30\/coronavirus-la-oficina-de-coopelectric-cerrada-por-sanitizacion\/\"> cerrar las oficinas durante la jornada de este mi\u00e9rcoles<\/a>, debido a la <strong>puesta en marcha de tareas de sanitizaci\u00f3n.<\/strong><\/p>\n<p>&nbsp;<\/p>\n<p>No obstante, se comunic\u00f3 recientemente que se tom\u00f3 la medida de <strong>prolongar el cierre de la sede administrativa ubicada sobre Belgrano al 2800. En principio, seguir\u00e1 sin atenci\u00f3n al p\u00fablico durante las jornadas del jueves y viernes venidero.<\/strong><\/p>\n<p>&nbsp;<\/p>\n<p>Por tal motivo, se detall\u00f3 que <strong>se cancelaron los turnos que se hab\u00edan asignado para la atenci\u00f3n de tr\u00e1mites, los cuales ser\u00e1n reprogramados.<\/strong><\/p>\n<p>&nbsp;<\/p>\n<p>&nbsp;<\/p>\n","protected":false},"excerpt":{"rendered":"<p>As\u00ed fue informado en la tarde de este mi\u00e9rcoles, en un comunicado en el que se a\u00f1adi\u00f3 que ser\u00e1n reprogramados<\/p>\n","protected":false},"author":3,"featured_media":2010,"comment_status":"closed","ping_status":"closed","sticky":false,"template":"","format":"standard","meta":{"_jetpack_memberships_contains_paid_content":false,"footnotes":""},"categories":[5,1],"tags":[],"class_list":["post-2878","post","type-post","status-publish","format-standard","has-post-thumbnail","hentry","category-informacion-general","category-portada"],"jetpack_featured_media_url":"https:\/\/i0.wp.com\/cdnoticias.com\/wp-content\/uploads\/2020\/09\/Coopelectric.jpeg?fit=1280%2C853&ssl=1","jetpack_sharing_enabled":true,"_links":{"self":[{"href":"https:\/\/cdnoticias.com\/index.php\/wp-json\/wp\/v2\/posts\/2878","targetHints":{"allow":["GET"]}}],"collection":[{"href":"https:\/\/cdnoticias.com\/index.php\/wp-json\/wp\/v2\/posts"}],"about":[{"href":"https:\/\/cdnoticias.com\/index.php\/wp-json\/wp\/v2\/types\/post"}],"author":[{"embeddable":true,"href":"https:\/\/cdnoticias.com\/index.php\/wp-json\/wp\/v2\/users\/3"}],"replies":[{"embeddable":true,"href":"https:\/\/cdnoticias.com\/index.php\/wp-json\/wp\/v2\/comments?post=2878"}],"version-history":[{"count":0,"href":"https:\/\/cdnoticias.com\/index.php\/wp-json\/wp\/v2\/posts\/2878\/revisions"}],"wp:featuredmedia":[{"embeddable":true,"href":"https:\/\/cdnoticias.com\/index.php\/wp-json\/wp\/v2\/media\/2010"}],"wp:attachment":[{"href":"https:\/\/cdnoticias.com\/index.php\/wp-json\/wp\/v2\/media?parent=2878"}],"wp:term":[{"taxonomy":"category","embeddable":true,"href":"https:\/\/cdnoticias.com\/index.php\/wp-json\/wp\/v2\/categories?post=2878"},{"taxonomy":"post_tag","embeddable":true,"href":"https:\/\/cdnoticias.com\/index.php\/wp-json\/wp\/v2\/tags?post=2878"}],"curies":[{"name":"wp","href":"https:\/\/api.w.org\/{rel}","templated":true}]}}