{"id":28775,"date":"2021-08-06T20:38:57","date_gmt":"2021-08-06T23:38:57","guid":{"rendered":"http:\/\/www.centraldenoticias.com.ar\/?p=28775"},"modified":"2021-08-07T09:32:15","modified_gmt":"2021-08-07T12:32:15","slug":"nuevo-record-de-vacunacion-olavarria-supero-las-100-mil-dosis-aplicadas","status":"publish","type":"post","link":"https:\/\/cdnoticias.com\/index.php\/2021\/08\/06\/nuevo-record-de-vacunacion-olavarria-supero-las-100-mil-dosis-aplicadas\/","title":{"rendered":"Nuevo r\u00e9cord de vacunaci\u00f3n: Olavarr\u00eda super\u00f3 las 100 mil dosis aplicadas"},"content":{"rendered":"<p>De ese total, 75 mil corresponden a primeros componentes. Adem\u00e1s, este viernes se aplicaron cerca de 1600 dosis.<!--more--><\/p>\n<hr \/>\n<p>Desde Regi\u00f3n Sanitaria IX informaron los avances del plan provincial de vacunaci\u00f3n en Olavarr\u00eda. Uno de los datos sobresalientes tiene que ver con el alcance de un nuevo r\u00e9cord con la<strong> aplicaci\u00f3n de m\u00e1s de 100 mil dosis.<\/strong><\/p>\n<p>&nbsp;<\/p>\n<p>En ese sentido, se indic\u00f3 que <strong>75 mil corresponden a la colocaci\u00f3n de primeros componentes.<\/strong><\/p>\n<p>&nbsp;<\/p>\n<p>Adem\u00e1s, se\u00f1alaron que durante<strong> este viernes se aplicaron 1.596 dosis,<\/strong> distribuidas entre las cuatro postas que se encuentran en la ciudad.<\/p>\n<p>&nbsp;<\/p>\n<p>En la<strong> Facultad de Ciencias de la Salud<\/strong> fueron vacunadas 549 personas, 76 de ellas con primeras dosis y 473 con segundo componente; en el <strong>Servicio Territorial N\u00b02<\/strong> se inocularon 518 vecinos y vecinas, 58 recibieron el primer componente y 460 el segundo componente; en el <strong>Centro Cultural Universitario<\/strong> se realizaron 250 aplicaciones, de las cuales 38 fueron primeras dosis y 212 segundas dosis; finalmente en la <strong>Mutual Carlos Alberto Moreno de Suteba<\/strong> se vacunaron 279 personas, 30 con primer componente y 249 con segundo componente.<\/p>\n<p>&nbsp;<\/p>\n<p><img data-recalc-dims=\"1\" loading=\"lazy\" decoding=\"async\" class=\"alignnone size-full wp-image-28778\" src=\"https:\/\/i0.wp.com\/cdnoticias.com\/wp-content\/uploads\/2021\/08\/WhatsApp-Image-2021-08-06-at-20.19.18-1.jpeg?resize=800%2C530&#038;ssl=1\" alt=\"\" width=\"800\" height=\"530\" srcset=\"https:\/\/i0.wp.com\/cdnoticias.com\/wp-content\/uploads\/2021\/08\/WhatsApp-Image-2021-08-06-at-20.19.18-1.jpeg?w=1280&amp;ssl=1 1280w, https:\/\/i0.wp.com\/cdnoticias.com\/wp-content\/uploads\/2021\/08\/WhatsApp-Image-2021-08-06-at-20.19.18-1.jpeg?resize=300%2C199&amp;ssl=1 300w, https:\/\/i0.wp.com\/cdnoticias.com\/wp-content\/uploads\/2021\/08\/WhatsApp-Image-2021-08-06-at-20.19.18-1.jpeg?resize=768%2C509&amp;ssl=1 768w, https:\/\/i0.wp.com\/cdnoticias.com\/wp-content\/uploads\/2021\/08\/WhatsApp-Image-2021-08-06-at-20.19.18-1.jpeg?resize=1024%2C678&amp;ssl=1 1024w\" sizes=\"auto, (max-width: 800px) 100vw, 800px\" \/><\/p>\n<p>&nbsp;<\/p>\n<p>Por otra parte, recordaron que aquellos<strong> menores de 12 a 17 a\u00f1os<\/strong> que a\u00fan no se han inscripto para recibir la primera dosis contra el Covid-19, pueden hacerlo a trav\u00e9s del sitio web <a href=\"https:\/\/vacunatepba.gba.gob.ar\/\" target=\"_blank\" rel=\"noopener\">www.vacunatepba.gba.gob.ar<\/a> y obtener el turno correspondiente de aplicaci\u00f3n.<\/p>\n<p>A la par, contin\u00faa la <strong>vacunaci\u00f3n libre para mayores de 18 a\u00f1os<\/strong> que acrediten domicilio en la localidad present\u00e1ndose con su DNI en cualquiera de los centros de vacunaci\u00f3n.<\/p>\n<p>&nbsp;<\/p>\n<p>Tambi\u00e9n se recuerda que para recibir la aplicaci\u00f3n de segundas dosis es \u00fanicamente por turnos, por lo que se le pide a los vecinos y vecinas que est\u00e9n atentos a las notificaciones que se env\u00edan desde el Ministerio de Salud provincial.<\/p>\n","protected":false},"excerpt":{"rendered":"<p>De ese total, 75 mil corresponden a primeros componentes. Adem\u00e1s, este viernes se aplicaron cerca de 1600 dosis.<\/p>\n","protected":false},"author":5,"featured_media":28779,"comment_status":"closed","ping_status":"closed","sticky":false,"template":"","format":"standard","meta":{"_jetpack_memberships_contains_paid_content":false,"footnotes":""},"categories":[16,1],"tags":[],"class_list":["post-28775","post","type-post","status-publish","format-standard","has-post-thumbnail","hentry","category-covid-19","category-portada"],"jetpack_featured_media_url":"https:\/\/i0.wp.com\/cdnoticias.com\/wp-content\/uploads\/2021\/08\/WhatsApp-Image-2021-08-06-at-20.19.18.jpeg?fit=1280%2C848&ssl=1","jetpack_sharing_enabled":true,"_links":{"self":[{"href":"https:\/\/cdnoticias.com\/index.php\/wp-json\/wp\/v2\/posts\/28775","targetHints":{"allow":["GET"]}}],"collection":[{"href":"https:\/\/cdnoticias.com\/index.php\/wp-json\/wp\/v2\/posts"}],"about":[{"href":"https:\/\/cdnoticias.com\/index.php\/wp-json\/wp\/v2\/types\/post"}],"author":[{"embeddable":true,"href":"https:\/\/cdnoticias.com\/index.php\/wp-json\/wp\/v2\/users\/5"}],"replies":[{"embeddable":true,"href":"https:\/\/cdnoticias.com\/index.php\/wp-json\/wp\/v2\/comments?post=28775"}],"version-history":[{"count":0,"href":"https:\/\/cdnoticias.com\/index.php\/wp-json\/wp\/v2\/posts\/28775\/revisions"}],"wp:featuredmedia":[{"embeddable":true,"href":"https:\/\/cdnoticias.com\/index.php\/wp-json\/wp\/v2\/media\/28779"}],"wp:attachment":[{"href":"https:\/\/cdnoticias.com\/index.php\/wp-json\/wp\/v2\/media?parent=28775"}],"wp:term":[{"taxonomy":"category","embeddable":true,"href":"https:\/\/cdnoticias.com\/index.php\/wp-json\/wp\/v2\/categories?post=28775"},{"taxonomy":"post_tag","embeddable":true,"href":"https:\/\/cdnoticias.com\/index.php\/wp-json\/wp\/v2\/tags?post=28775"}],"curies":[{"name":"wp","href":"https:\/\/api.w.org\/{rel}","templated":true}]}}